{"id":92,"date":"2013-03-10T18:30:37","date_gmt":"2013-03-10T18:30:37","guid":{"rendered":"http:\/\/lastierrasdelrincon.org\/bitacora\/?p=92"},"modified":"2013-03-10T18:30:37","modified_gmt":"2013-03-10T18:30:37","slug":"negra-y-criminal-marzo-2012","status":"publish","type":"post","link":"http:\/\/www.lastierrasdelrincon.org\/bitacora\/2013\/03\/negra-y-criminal-marzo-2012\/","title":{"rendered":"Negra y criminal. Marzo 2012."},"content":{"rendered":"<p>&nbsp;<br \/>\nEstos son los libros que voy leer este mes de marzo. Ya est\u00e1n en mi kindle.<br \/>\n<\/p>\n<ol>\n<li><a title=\"Respirar por la herida.\" href=\"http:\/\/www.amazon.com\/Respirar-Herida-Spanish-Edition-ebook\/dp\/B00B8YZZMA\/ref=sr_1_2?ie=UTF8&amp;qid=1362938487&amp;sr=8-2&amp;keywords=respirar+por+la+herida\" target=\"_blank\" rel=\"noopener\"><span style=\"line-height: 13px;\">Respirar por la herida &#8211; Victor del \u00e1rbol<\/span><\/a><\/li>\n<li><a title=\"Sesenta Kilos\" href=\"http:\/\/www.amazon.com\/Sesenta-Intriga-grijalbo-Spanish-ebook\/dp\/B00ARMR9SW\/ref=sr_1_1?s=digital-text&amp;ie=UTF8&amp;qid=1362938537&amp;sr=1-1&amp;keywords=sesenta+kilos\" target=\"_blank\" rel=\"noopener\">Sesenta kilos &#8211; Ram\u00f3n Palomar<\/a><\/li>\n<li><a title=\"Chinola Kid\" href=\"http:\/\/www.amazon.com\/Chinola-Kid-Spanish-Edition-ebook\/dp\/B00AZ8S2UC\/ref=sr_1_1?s=digital-text&amp;ie=UTF8&amp;qid=1362938978&amp;sr=1-1&amp;keywords=chinola+kid\" target=\"_blank\" rel=\"noopener\">Chinola kid &#8211; Hilario Pe\u00f1a<\/a><\/li>\n<\/ol>\n<p>Marzo ser\u00e1 para mi lectura de novela negra.<\/p>\n<blockquote><p>Nota:<br \/>\nLas ligas que incluyo para estos libros son de Amazon. Lo hago \u00fanicamente porque fue a trav\u00e9s de este portal que los compre \u00a0en su formato digital. Pero hay otros medios de adquirirla. Muchos m\u00e1s.<\/p><\/blockquote>\n<p>&nbsp;<br \/>\n<a rel=\"license\" href=\"http:\/\/creativecommons.org\/licenses\/by-nc-sa\/3.0\/deed.es_CO\"><img decoding=\"async\" alt=\"Licencia Creative Commons\" style=\"border-width:0\" src=\"http:\/\/i.creativecommons.org\/l\/by-nc-sa\/3.0\/88x31.png\" \/><\/a><br \/>Este obra de <a xmlns:cc=\"http:\/\/creativecommons.org\/ns#\" href=\"http:\/\/lastierrasdelrincon.org\/\" property=\"cc:attributionName\" rel=\"cc:attributionURL\">http:\/\/lastierrasdelrincon.org\/<\/a> est\u00e1 bajo una <a rel=\"license\" href=\"http:\/\/creativecommons.org\/licenses\/by-nc-sa\/3.0\/deed.es_CO\">Licencia Creative Commons Atribuci\u00f3n-NoComercial-CompartirIgual 3.0 Unported<\/a>.<\/p>\n","protected":false},"excerpt":{"rendered":"<p>&nbsp; Estos son los libros que voy leer este mes de marzo. Ya est\u00e1n en mi kindle. Respirar por la herida &#8211; Victor del \u00e1rbol Sesenta kilos &#8211; Ram\u00f3n Palomar Chinola kid &#8211; Hilario Pe\u00f1a Marzo ser\u00e1 para mi lectura de novela negra. Nota: Las ligas que incluyo para estos libros son de Amazon. Lo&hellip;<\/p>\n","protected":false},"author":2,"featured_media":0,"comment_status":"open","ping_status":"open","sticky":false,"template":"","format":"standard","meta":{"footnotes":""},"categories":[7,10],"tags":[34],"class_list":["post-92","post","type-post","status-publish","format-standard","hentry","category-ebooks","category-libros","tag-negra-y-criminal"],"jetpack_featured_media_url":"","_links":{"self":[{"href":"http:\/\/www.lastierrasdelrincon.org\/bitacora\/wp-json\/wp\/v2\/posts\/92","targetHints":{"allow":["GET"]}}],"collection":[{"href":"http:\/\/www.lastierrasdelrincon.org\/bitacora\/wp-json\/wp\/v2\/posts"}],"about":[{"href":"http:\/\/www.lastierrasdelrincon.org\/bitacora\/wp-json\/wp\/v2\/types\/post"}],"author":[{"embeddable":true,"href":"http:\/\/www.lastierrasdelrincon.org\/bitacora\/wp-json\/wp\/v2\/users\/2"}],"replies":[{"embeddable":true,"href":"http:\/\/www.lastierrasdelrincon.org\/bitacora\/wp-json\/wp\/v2\/comments?post=92"}],"version-history":[{"count":0,"href":"http:\/\/www.lastierrasdelrincon.org\/bitacora\/wp-json\/wp\/v2\/posts\/92\/revisions"}],"wp:attachment":[{"href":"http:\/\/www.lastierrasdelrincon.org\/bitacora\/wp-json\/wp\/v2\/media?parent=92"}],"wp:term":[{"taxonomy":"category","embeddable":true,"href":"http:\/\/www.lastierrasdelrincon.org\/bitacora\/wp-json\/wp\/v2\/categories?post=92"},{"taxonomy":"post_tag","embeddable":true,"href":"http:\/\/www.lastierrasdelrincon.org\/bitacora\/wp-json\/wp\/v2\/tags?post=92"}],"curies":[{"name":"wp","href":"https:\/\/api.w.org\/{rel}","templated":true}]}}