{"id":778,"date":"2014-09-24T22:58:24","date_gmt":"2014-09-25T05:58:24","guid":{"rendered":"http:\/\/lastierrasdelrincon.org\/bitacora\/?p=778"},"modified":"2021-12-22T04:14:40","modified_gmt":"2021-12-22T04:14:40","slug":"el-sitio-web-de-rosa-ribas","status":"publish","type":"post","link":"http:\/\/www.lastierrasdelrincon.org\/bitacora\/2014\/09\/el-sitio-web-de-rosa-ribas\/","title":{"rendered":"El sitio web de Rosa Ribas"},"content":{"rendered":"\n<div class=\"wp-block-image\"><figure class=\"aligncenter\"><a href=\"http:\/\/lastierrasdelrincon.org\/bitacora\/wp-content\/uploads\/2014\/09\/rosa-ribas-sitio-web.png\"><img decoding=\"async\" src=\"http:\/\/lastierrasdelrincon.org\/bitacora\/wp-content\/uploads\/2014\/09\/rosa-ribas-sitio-web-300x179.png\" alt=\"Sitio wen de Rosa Ribas\" class=\"wp-image-779\"\/><\/a><figcaption>Sitio web de Rosa Ribas<\/figcaption><\/figure><\/div>\n\n\n\n<p class=\"p1\">Recientemente visite el <del>nuevo<\/del> redise\u00f1ado <a title=\"Rosa Ribas sitio web\" href=\"http:\/\/www.rosa-ribas.com\/es\/\" target=\"_blank\" rel=\"noopener\">sitio web de Rosa Ribas<\/a>, una de las escritoras de novela negra m\u00e1s importante en la actualidad. Catalana de nacimiento, vive actualmente en Frankfurt, Alemania. Escribe novela, ensayo y mantiene un blog en el que frecuentemente publica textos cortos.<\/p>\n\n\n\n<p class=\"p1\">El primer libro que de ella le\u00ed fue \u201c<a title=\"Don de lenguas, edici\u00f3n Kindle\" href=\"http:\/\/www.amazon.com\/Don-lenguas-Nuevos-Tiempos-Spanish-ebook\/dp\/B00BSTXCBQ\/ref=la_B001JOMU5E_1_1?s=books&amp;ie=UTF8&amp;qid=1411621793&amp;sr=1-1\" target=\"_blank\" rel=\"noopener\">Don de lenguas<\/a>\u201d, escrito a dos plumas junto a Sabine Hoffman. Ambientada en la Barcelona de 1952 Ana Mart\u00ed-periodista- aparece por primera vez como protagonista en compa\u00f1\u00eda&nbsp;a Beatriz Noguer-fil\u00f3loga- quienes junto con el Inspector Isidro Casto forman un tr\u00edo muy disparejo, pero efectivo. El inspector Franquista en transici\u00f3n al arrepentimiento, la inteligencia y el arrojo de Ana y los conocimientos ling\u00fc\u00edsticos y literarios de Beatriz resultan ser las herramientas apropiadas para resolver un caso muy intrincado. Muy buena novela que te mantiene atrapado en su lectura.<\/p>\n\n\n\n<p class=\"p1\">Actualmente estoy leyendo \u201c<a title=\"Entre dos aguas\" href=\"http:\/\/www.amazon.com\/Entre-aguas-Rosa-Ribas-Molina\/dp\/8492801956\/ref=sr_1_9?s=books&amp;ie=UTF8&amp;qid=1411276928&amp;sr=1-9&amp;keywords=rosa+ribas\" target=\"_blank\" rel=\"noopener\">Entre dos aguas<\/a>\u201d, una aventura de la Comisaria Cornelia Weber-Tejedor. Al investigar la muerte de Marcelino Soto en Francfort, Cornelia, hija de madre espa\u00f1ola y padre alem\u00e1n, se va reencontrando con sus ra\u00edces culturales. No se a\u00fan cual es el desenlace, pero puedo apostar que va a encontrar a los culpables del homicidio de Marcelino.<\/p>\n\n\n\n<p class=\"p1\">Tengo pendiente de comprar \u201c<a title=\"El gran fr\u00edo\" href=\"http:\/\/www.amazon.com\/gran-Nuevos-Tiempos-Spanish-Edition-ebook\/dp\/B00KFL25Z2\/ref=pd_sim_kstore_1?ie=UTF8&amp;refRID=01N1QE1Z6DWRN92QXS0D\" target=\"_blank\" rel=\"noopener\">El gran fr\u00edo<\/a>\u201d, la m\u00e1s reciente aventura de Ana Mart\u00ed, y leer \u201c<a title=\"La detective miope\" href=\"http:\/\/www.amazon.com\/La-detective-miope-Spanish-Edition-ebook\/dp\/B00KJMZ61M\/ref=pd_sim_b_2?ie=UTF8&amp;refRID=13NXEM6PSJZRTTBPWACG\" target=\"_blank\" rel=\"noopener\">La detective miope<\/a>\u201d. Por lo pronto estoy disfrutando de las aventuras de Cornelia y las pl\u00e1ticas con su madre. Por cierto, este personaje me hacen entender mejor el porqu\u00e9 mi propia madre, cuando platica sobre sus conocidos, hace tantas referencias a detalles de sus vidas. Muchos aparentes desv\u00edos y rodeos que a simple vista parecieran no tener mucho que ver con esa historia que me quiere contar, pero que dan una riqueza enorme del entorno humano de los hechos. Herencia hispana, tal vez.<\/p>\n\n\n\n<p class=\"p1\">Dec\u00eda que Rosa Ribas tambi\u00e9n tiene su propio blog- bueno, en realidad son dos- donde narra historias cortas llenas de esos detalles de la convivencia familiar que forman esta maravilla que llamamos vida. Y adem\u00e1s hay unas historias de l\u00e1pices que vale la pena leerlas. En el sitio web-accesible en Castellano y Alem\u00e1n- encontrar\u00e1s referencias a estas dos bit\u00e1coras.<\/p>\n\n\n\n<p class=\"p1\">\u00bfTe interesa alguno de sus libros? En <a href=\"http:\/\/rosa-ribas.com\">rosa-ribas.com<\/a> hay una buena colecci\u00f3n de cr\u00edticas a sus trabajos y referencias para que puedas comprarlos. Y cr\u00e9eme, son m\u00e1s de los que he nombrado este texto.<\/p>\n\n\n\n<p class=\"p1\">Tambi\u00e9n hay un apartado donde puedes enterarte de la agenda de eventos en los que la autora participar\u00e1. Y una serie de entrevistas que diferentes medios han hecho a esta autora. Las tierras del rinc\u00f3n tuvo el honor de entrevistarla y esto es lo que Rosa Ribas <a title=\"Comentarios sobre entrevista de las Tierras del Rinc\u00f3n a Rosa Ribas\" href=\"http:\/\/www.rosa-ribas.com\/es\/info\/entrevistas\/habitos-de-trabajo\" target=\"_blank\" rel=\"noopener\">dice&nbsp;al respecto en su sitio web<\/a>.<\/p>\n\n\n\n<p class=\"p1\">\u00bf<a title=\"Entrevista a Rosa Ribas\" href=\"http:\/\/lastierrasdelrincon.org\/bitacora\/2013\/04\/01\/escritores-de-novela-negra-y-como-trabajan-rosa-ribas\/\" target=\"_blank\" rel=\"noopener\">Ya le\u00edste la entrevista publicada en este sitio<\/a>? Te invito a hacerlo.<\/p>\n\n\n\n<p class=\"p1\">Date la oportunidad de visitar el sitio web de Rosa. En verdad lo vas a apreciar.<\/p>\n\n\n\n<p class=\"p1\">&nbsp;<\/p>\n","protected":false},"excerpt":{"rendered":"<p>Recientemente visite el nuevo redise\u00f1ado sitio web de Rosa Ribas, una de las escritoras de novela negra m\u00e1s importante en la actualidad. Catalana de nacimiento, vive actualmente en Frankfurt, Alemania. Escribe novela, ensayo y mantiene un blog en el que frecuentemente publica textos cortos. El primer libro que de ella le\u00ed fue \u201cDon de lenguas\u201d,&hellip;<\/p>\n","protected":false},"author":2,"featured_media":0,"comment_status":"open","ping_status":"open","sticky":false,"template":"","format":"standard","meta":{"footnotes":""},"categories":[4],"tags":[25,36],"class_list":["post-778","post","type-post","status-publish","format-standard","hentry","category-escritores","tag-escritores-novela-negra","tag-novela-negra"],"jetpack_featured_media_url":"","_links":{"self":[{"href":"http:\/\/www.lastierrasdelrincon.org\/bitacora\/wp-json\/wp\/v2\/posts\/778","targetHints":{"allow":["GET"]}}],"collection":[{"href":"http:\/\/www.lastierrasdelrincon.org\/bitacora\/wp-json\/wp\/v2\/posts"}],"about":[{"href":"http:\/\/www.lastierrasdelrincon.org\/bitacora\/wp-json\/wp\/v2\/types\/post"}],"author":[{"embeddable":true,"href":"http:\/\/www.lastierrasdelrincon.org\/bitacora\/wp-json\/wp\/v2\/users\/2"}],"replies":[{"embeddable":true,"href":"http:\/\/www.lastierrasdelrincon.org\/bitacora\/wp-json\/wp\/v2\/comments?post=778"}],"version-history":[{"count":1,"href":"http:\/\/www.lastierrasdelrincon.org\/bitacora\/wp-json\/wp\/v2\/posts\/778\/revisions"}],"predecessor-version":[{"id":839,"href":"http:\/\/www.lastierrasdelrincon.org\/bitacora\/wp-json\/wp\/v2\/posts\/778\/revisions\/839"}],"wp:attachment":[{"href":"http:\/\/www.lastierrasdelrincon.org\/bitacora\/wp-json\/wp\/v2\/media?parent=778"}],"wp:term":[{"taxonomy":"category","embeddable":true,"href":"http:\/\/www.lastierrasdelrincon.org\/bitacora\/wp-json\/wp\/v2\/categories?post=778"},{"taxonomy":"post_tag","embeddable":true,"href":"http:\/\/www.lastierrasdelrincon.org\/bitacora\/wp-json\/wp\/v2\/tags?post=778"}],"curies":[{"name":"wp","href":"https:\/\/api.w.org\/{rel}","templated":true}]}}