{"id":745,"date":"2014-09-11T21:35:11","date_gmt":"2014-09-12T04:35:11","guid":{"rendered":"http:\/\/lastierrasdelrincon.org\/bitacora\/?p=745"},"modified":"2022-01-18T05:26:13","modified_gmt":"2022-01-18T05:26:13","slug":"escritores-novela-negra-como-trabajan-toni-soler","status":"publish","type":"post","link":"http:\/\/www.lastierrasdelrincon.org\/bitacora\/2014\/09\/escritores-novela-negra-como-trabajan-toni-soler\/","title":{"rendered":"Escritores de novela negra y como trabajan &#8211; Toni Soler"},"content":{"rendered":"\n<p class=\"p1\">&nbsp;\u00bfTe has preguntado cuales son los h\u00e1bitos de trabajo de tus escritores favoritos? \u00bfQue m\u00fasica escuchan cuando escriben, d\u00f3nde lo hacen, cuantas horas pasan derramando palabras sobre el papel o la pantalla?<\/p>\n\n\n\n<p class=\"p1\">&nbsp;Esta serie de entrevistas dar\u00e1n respuesta a algunas simples preguntas que hice a algunos de los escritores de novela negra m\u00e1s importantes de este tiempo.<\/p>\n\n\n\n<p class=\"p1\">&nbsp;Hoy&nbsp;<a title=\"Toni Soler sitio web\" href=\"http:\/\/tonisoler.net\/\" target=\"_blank\" rel=\"noopener\">Toni Soler<\/a>&nbsp;nos da a conocer algunos de sus h\u00e1bitos como escritor. Que lo disfrutes.<\/p>\n\n\n\n<div class=\"wp-block-image\"><figure class=\"aligncenter\"><a href=\"http:\/\/lastierrasdelrincon.org\/bitacora\/wp-content\/uploads\/2014\/09\/foto-toni-web1.jpg\"><img decoding=\"async\" src=\"http:\/\/lastierrasdelrincon.org\/bitacora\/wp-content\/uploads\/2014\/09\/foto-toni-web1-225x300.jpg\" alt=\"Antonio (Toni) Soler, escritor.\" class=\"wp-image-747\"\/><\/a><figcaption>Antonio (Toni) Soler Palomares, escritor.<\/figcaption><\/figure><\/div>\n\n\n\n<p><strong>\u00bfPodr\u00edas presentarte y decirnos que escribes (cuento, novela, ensayo, \u2026.)?<\/strong><br>Toni Soler, cuarenta tacos; aut\u00f3nomo \u2018b\u00fascate-la-vida-como-puedas\u2019 desde que acab\u00e9 la carrera. Valencia es mi ciudad, donde nac\u00ed, crec\u00ed y aprend\u00ed a disfrutar de la lectura. En todos sus rincones guardo un recuerdo y sin ellos estar\u00eda perdido a la hora de escribir. El g\u00e9nero negro me apasiona y supongo que eso se nota en mis novelas.<\/p>\n\n\n\n<p><br><strong>\u00bfCu\u00e1ntas horas al d\u00eda escribes?<\/strong><br>Antes trataba de cumplir un horario, entre dos y cuatro horas al d\u00eda por la ma\u00f1ana temprano, aunque ahora (acabo de ser pap\u00e1) escribo cuando puedo, mucho menos de lo que me gustar\u00eda. Mi vida ya no es solo m\u00eda.<br><\/p>\n\n\n\n<p><strong>\u00bfA qu\u00e9 hora del d\u00eda prefieres hacerlo?<\/strong><br>Lo dicho. Prefiero hacerlo entre las siete y las diez de la ma\u00f1ana, aunque mi pr\u00f3xima novela se est\u00e1 gestando de noche.<br><\/p>\n\n\n\n<p><strong>\u00bfTe fijas un l\u00edmite en palabras, o en tiempo? \u00bfo no hay l\u00edmite?<\/strong><br>Antes s\u00ed, ahora imposible. Avanzo hasta que me vence el cansancio.<br><\/p>\n\n\n\n<p><strong>\u00bfCu\u00e1ndo escribes escuchas m\u00fasica? de ser as\u00ed, \u00bfqu\u00e9 tipo de m\u00fasica?<\/strong><br>Nunca. Me distraigo con facilidad. Si escucho m\u00fasica escucho m\u00fasica. Ojal\u00e1 pudiera hacer las dos cosas a la vez.<br><\/p>\n\n\n\n<p><strong>\u00bfQu\u00e9 tan seguido consultas Internet? \u00bftienes per\u00edodos en los que te abandones totalmente al vac\u00edo de la Internet? \u00bfO te desconectas completamente de tu conexi\u00f3n a la red?<\/strong><br>Desde luego. Incluso apago el tel\u00e9fono m\u00f3vil. Para disfrutar a tope de algo a veces hay que desconectar por completo de todo lo dem\u00e1s.<\/p>\n\n\n\n<!--more-->\n\n\n\n<p><strong>\u00bfEres T\u00e9cnico o Rudo? Se dice que los escritores pueden ser dos tipos: Rudos o T\u00e9cnico. Los Rudos escriben una historia r\u00e1pidamente, en completo desorden, caprichosamente, as\u00ed como sale. Despu\u00e9s, regresan a ella de nuevo, cuidadosamente, corrigiendo todo lo que es horrible o lo que simplemente no funciona. Los T\u00e9cnicos escriben una frase a la vez, fij\u00e1ndose que todo sea exacto y correcto antes de dejarla para iniciar con la siguiente. Cuando terminan, terminan. \u00bfEres alguno de ellos, o algo completamente diferente?<\/strong><br>M\u00e1s bien rudo. Para m\u00ed lo importante es que todas las piezas de la trama fluyan con rapidez. Esto es lo que m\u00e1s me motiva a la hora de escribir una novela. Acabar un cap\u00edtulo y empezar otro, seguir y seguir hasta el final. Crear situaciones y escenarios. La parte \u2018t\u00e9cnica\u2019 la dejo para el final.<br><\/p>\n\n\n\n<p><strong>\u00bfComes mientras escribes?<\/strong><br>Como, bebo y fumo mucho.<br><\/p>\n\n\n\n<p><strong>\u00bfQu\u00e9 tipo de bocadillos o bebidas prefieres?<\/strong><br>Saladitos, Coca-Cola y Marlboro Gold Original (Light de toda la vida). Esos son mis vicios.<br><\/p>\n\n\n\n<p><strong>\u00bfCu\u00e1l es tu m\u00e1s grande herramienta para procrastinar? \u00bfo eres de esos tipos raros de escritores que nunca procrastinas?<\/strong><br>No soy perezoso. A la hora de escribir, si dispongo de tiempo, siempre tengo ganas de ponerme. Por qu\u00e9 buscar excusas para aplazar algo que me entretiene.<br><\/p>\n\n\n\n<p><strong>\u00bfComo se acomodan a tu horario de trabajo las personas (pareja \/hijos\/compa\u00f1ero de cuarto) que viven a tu alrededor?<\/strong><br>Ya lo he comentado. Mi vida ya no es solo m\u00eda. Me acomodo yo a ellos al cien por cien.<br><\/p>\n\n\n\n<p><strong>\u00bfEst\u00e1s muy atado emocionalmente al lugar en que te has acostumbrado a escribir? \u00bfo puedes cambiar sin ning\u00fan problema de espacio?<\/strong><br>S\u00ed. Dispongo de una buhardilla repleta de libros. Es mi peque\u00f1o espacio privado dentro de casa. Nunca he probado a escribir una novela en otro lugar, aunque imagino que podr\u00eda acostumbrarme.<br><\/p>\n\n\n\n<p><strong>\u00bfQu\u00e9 tipo de hardware usas?<\/strong><br>Apple<br><\/p>\n\n\n\n<p><strong>\u00bfQu\u00e9 tipo de software usas?<\/strong><br>Word<br><\/p>\n\n\n\n<p><strong>\u00bfQu\u00e9 cambiar\u00edas de la forma en que escribes ahora?<\/strong><br>A veces todo. A veces nada.<br><\/p>\n\n\n\n<blockquote class=\"wp-block-quote is-layout-flow wp-block-quote-is-layout-flow\"><p><strong>NOTA<\/strong>:<br>Seg\u00fan<a title=\"Kurt Vonnegut\" rel=\"noopener\" href=\"http:\/\/es.wikipedia.org\/wiki\/Kurt_Vonnegut\" target=\"_blank\"> <strong>Kurt Vonnegut<\/strong> <\/a>estos dos tipos son <a title=\"Swooper and Basher\" rel=\"noopener\" href=\"http:\/\/www.goodreads.com\/quotes\/632571-swoopers-write-a-story-quickly-higgledy-piggledy-crinkum-crankum-any-which-way\" target=\"_blank\"><strong>Swooper<\/strong> y <strong>Basher<\/strong><\/a> (<em>Rudo<\/em> y <em>T\u00e9cnico<\/em>, seg\u00fan mi libre traducci\u00f3n). A falta en mi arsenal de un significado mejor para estos t\u00e9rminos, acudo al deporte de la Lucha Libre que en M\u00e9xico los entiende de la siguiente manera.<br>Los rudos son aquellos luchadores que no dudan en utilizar cualquier tipo de artima\u00f1as o trampas para lograr sus objetivos. Son tambi\u00e9n conocidos como sucios.<br>Los t\u00e9cnicos no utilizan trampas ni maniobras ilegales en sus combates, obtienen la victoria en sus combates de manera limpia. Son tambi\u00e9n conocidos como honestos.<\/p><\/blockquote>\n\n\n\n<p><em>Toni Soler naci\u00f3 en Valencia en 1974. Es licenciado en Administraci\u00f3n y Direcci\u00f3n de Empresas y ha trabajado en los \u00faltimos a\u00f1os en el sector inmobiliario. En 2009 public\u00f3 su primera novela, La lealtad de los delincuentes, a la que le sigui\u00f3 Delincuentes y venganzas, publicada en 2010. En el 2011 culmina la saga con la tercera y \u00faltima entrega, El precio del castigo.<br>Con el nacimiento de esta web en 2012, Toni Soler inicia su blog, en el que podr\u00e1s encontrar cr\u00edticas y rese\u00f1as literarias y muy pronto tambi\u00e9n algunos de sus relatos cortos.<br>Delincuentes y venganzas \u00abQue la novela negra sea dominio exclusivo norteamericano es algo que leyendo las novelas de Toni Soler queda muy lejos de ser una realidad. Toni Soler demuestra con Delincuentes y venganzas que el \u00e9xito primero no era casual.\u00bb Andr\u00e9s Collado (MondoSonoro Valencia)<br>La lealtad de los delincuentes \u00abHe aqu\u00ed una novela urbana, r\u00e1pida, potente y minuciosa con Valencia y sus urbanizaciones en el horizonte. Ha sido un placer descubrirla y leerla.\u00bb Ram\u00f3n Palomar (Las Provincias)<\/em><\/p>\n\n\n\n<figure class=\"wp-block-gallery columns-3 is-cropped wp-block-gallery-1 is-layout-flex wp-block-gallery-is-layout-flex\"><ul class=\"blocks-gallery-grid\"><li class=\"blocks-gallery-item\"><figure><img data-id=\"751\" class=\"wp-image-751\"\/><\/figure><\/li><li class=\"blocks-gallery-item\"><figure><img data-id=\"752\" class=\"wp-image-752\"\/><\/figure><\/li><li class=\"blocks-gallery-item\"><figure><img data-id=\"753\" class=\"wp-image-753\"\/><\/figure><\/li><\/ul><\/figure>\n\n\n\n<p><a href=\"http:\/\/creativecommons.org\/licenses\/by-nc-sa\/3.0\/deed.es_CO\" rel=\"license\"><img decoding=\"async\" style=\"border-width: 0;\" src=\"http:\/\/i.creativecommons.org\/l\/by-nc-sa\/3.0\/88x31.png\" alt=\"Licencia Creative Commons\"><\/a><br>Este obra de <a href=\"http:\/\/lastierrasdelrincon.org\/\" rel=\"cc:attributionURL\">http:\/\/lastierrasdelrincon.org\/<\/a> est\u00e1 bajo una <a href=\"http:\/\/creativecommons.org\/licenses\/by-nc-sa\/3.0\/deed.es_CO\" rel=\"license\">Licencia Creative Commons Atribuci\u00f3n-NoComercial-CompartirIgual 3.0 Unported<\/a>.<\/p>\n","protected":false},"excerpt":{"rendered":"<p>&nbsp;\u00bfTe has preguntado cuales son los h\u00e1bitos de trabajo de tus escritores favoritos? \u00bfQue m\u00fasica escuchan cuando escriben, d\u00f3nde lo hacen, cuantas horas pasan derramando palabras sobre el papel o la pantalla? &nbsp;Esta serie de entrevistas dar\u00e1n respuesta a algunas simples preguntas que hice a algunos de los escritores de novela negra m\u00e1s importantes de&hellip;<\/p>\n","protected":false},"author":2,"featured_media":0,"comment_status":"open","ping_status":"open","sticky":false,"template":"","format":"standard","meta":{"footnotes":""},"categories":[3,4],"tags":[25,34,36],"class_list":["post-745","post","type-post","status-publish","format-standard","hentry","category-entrevistas","category-escritores","tag-escritores-novela-negra","tag-negra-y-criminal","tag-novela-negra"],"jetpack_featured_media_url":"","_links":{"self":[{"href":"http:\/\/www.lastierrasdelrincon.org\/bitacora\/wp-json\/wp\/v2\/posts\/745","targetHints":{"allow":["GET"]}}],"collection":[{"href":"http:\/\/www.lastierrasdelrincon.org\/bitacora\/wp-json\/wp\/v2\/posts"}],"about":[{"href":"http:\/\/www.lastierrasdelrincon.org\/bitacora\/wp-json\/wp\/v2\/types\/post"}],"author":[{"embeddable":true,"href":"http:\/\/www.lastierrasdelrincon.org\/bitacora\/wp-json\/wp\/v2\/users\/2"}],"replies":[{"embeddable":true,"href":"http:\/\/www.lastierrasdelrincon.org\/bitacora\/wp-json\/wp\/v2\/comments?post=745"}],"version-history":[{"count":11,"href":"http:\/\/www.lastierrasdelrincon.org\/bitacora\/wp-json\/wp\/v2\/posts\/745\/revisions"}],"predecessor-version":[{"id":899,"href":"http:\/\/www.lastierrasdelrincon.org\/bitacora\/wp-json\/wp\/v2\/posts\/745\/revisions\/899"}],"wp:attachment":[{"href":"http:\/\/www.lastierrasdelrincon.org\/bitacora\/wp-json\/wp\/v2\/media?parent=745"}],"wp:term":[{"taxonomy":"category","embeddable":true,"href":"http:\/\/www.lastierrasdelrincon.org\/bitacora\/wp-json\/wp\/v2\/categories?post=745"},{"taxonomy":"post_tag","embeddable":true,"href":"http:\/\/www.lastierrasdelrincon.org\/bitacora\/wp-json\/wp\/v2\/tags?post=745"}],"curies":[{"name":"wp","href":"https:\/\/api.w.org\/{rel}","templated":true}]}}