{"id":668,"date":"2014-08-24T22:07:08","date_gmt":"2014-08-25T06:07:08","guid":{"rendered":"http:\/\/lastierrasdelrincon.org\/bitacora\/?p=668"},"modified":"2022-01-18T06:27:16","modified_gmt":"2022-01-18T06:27:16","slug":"brasileiros-en-lacma","status":"publish","type":"post","link":"http:\/\/www.lastierrasdelrincon.org\/bitacora\/2014\/08\/brasileiros-en-lacma\/","title":{"rendered":"Brasileiros en el LACMA"},"content":{"rendered":"\n<div class=\"wp-block-image\"><figure class=\"aligncenter\"><a href=\"http:\/\/lastierrasdelrincon.org\/bitacora\/wp-content\/uploads\/2014\/08\/DSC05264.jpg\"><img decoding=\"async\" src=\"http:\/\/lastierrasdelrincon.org\/bitacora\/wp-content\/uploads\/2014\/08\/DSC05264-225x300.jpg\" alt=\"M\u00fasicos brasileiros\" class=\"wp-image-677\"\/><\/a><figcaption>M\u00fasicos brasileiros<\/figcaption><\/figure><\/div>\n\n\n\n<p class=\"p1\">De todos los presentes quienes se mostraban m\u00e1s felices, en su ambiente, eran los brasile\u00f1os. Esta tarde el lugar del evento les pertenec\u00eda, era de ellos, era su m\u00fasica. Y no es que los no brasileiros&nbsp;estuvieran a disgusto pero esta fiesta era de los que ten\u00edan el portugu\u00e9s como lengua madre, de los que que consideran el f\u00fatbol como una religi\u00f3n, los paisanos de Pel\u00e9 y de Ant\u00f4nio Carlos Jobim.<\/p>\n\n\n\n<p class=\"p1\">Enseguida, casi pegados a nosotros, hab\u00eda algunos de ellos.&nbsp;Eran m\u00e1s mujeres que hombres. Algunas parejas tambi\u00e9n. Tomando el vino en copas de vidrio, degustando quesos, carnes fr\u00edas, verduras preparadas como entremeses. Panes&nbsp;por aqu\u00ed, algunas aguas o bebidas refrescantes por all\u00e1. Zapatos, platos desechables, manteles y cobertores&nbsp;en el c\u00e9sped para sentarse sobre ellos.<\/p>\n\n\n\n<p class=\"p1\">Platicaban en portugu\u00e9s, salvo cuando era presentado&nbsp;alg\u00fan reci\u00e9n llegado. A estos fuere\u00f1os&nbsp;se dirig\u00edan en ingl\u00e9s y saludaban formalmente dando la mano.&nbsp; Los abrazos al parecer estaban reservados a los paisanos. A los dem\u00e1s se les&nbsp;saludaban c\u00e1lida, aunque&nbsp;formalmente.<\/p>\n\n\n\n<p class=\"p1\">\u201cAlgunos de ustedes, brasile\u00f1os, recordar\u00e1n a Xuxa\u2026.\u201d<\/p>\n\n\n\n<p><br>Dijo Katia al micr\u00f3fono. \u201cMe da un gusto enorme saludar a una amiga aqu\u00ed presente, quien trabajo como productora de algunos de sus shows\u2026\u201d Su brazo se\u00f1alo a la mencionada, quien mandaba besos y aplaud\u00eda con los brazos muy pegados a su cuerpo y sus manos muy cerca a su boca. Rubia, delgada, de baja estatura, mostraba mucha emoci\u00f3n&nbsp;al recibir el reconocimiento de la cantante. Con sus manos juntas, formando una especie de cavidad con la que cubr\u00eda su boca, mandaba de vez en vez besos o aplaud\u00eda el gesto de Katia.<\/p>\n\n\n\n<!--more-->\n\n\n\n<p class=\"p1\">Descalza, al igual que las dem\u00e1s mujeres de ese grupo, se paraba de puntas para seguir el ritmo de las melod\u00edas. Su pantal\u00f3n blanco claro dejaba ver una ropa interior muy diminuta y sus carnes alrededor de la cintura parec\u00edan asomarse a ver a los presentes.<\/p>\n\n\n\n<p class=\"p1\">Todos los del grupo eran blancos, algunos rubios, otros con pelo negro. Una de las mujeres mostraba un cuerpo que parec\u00eda haber sido cincelado por escultor viejo, de esos que saben de la belleza de los gl\u00fateos grandes y redondos. En piedra habr\u00eda esculpido esas&nbsp;carnes para hacerlas as\u00ed de firmes,&nbsp;de duras. Era de muy baja estatura, pelo negro, pantal\u00f3n blanco, pies diminutos con dedos redondos y muy cortos. Las facciones de su cara eran elegantes, sus ojos claros, con pesta\u00f1as que los enmarcaban para resaltar m\u00e1s los rasgos felinos. Riendo, charlando, saludando, dando tragu\u00edtos&nbsp;a su copa despacio, con el me\u00f1ique&nbsp;levantado.<\/p>\n\n\n\n<p class=\"p1\">Cuando la pista empez\u00f3 a llenarse ellas bailaron, descalzas todas, las chaparritas apoyadas sobre las puntas de sus p\u00edes. La de rasgos felinos con la espalda muy derecha, los brazos apoyados en su pareja, platicando con \u00e9l. De la cintura hacia abajo, sus caderas parec\u00edan aspas de batidora, movimientos r\u00e1pidos y en\u00e9rgicos. Sus carnes apanas vibraban, casi nada. Sus diminutos p\u00edes sosten\u00edan gustosos su pesos y movimientos, siempre de puntillas. Ten\u00eda que dirigir la vista a lo alto para mirar a su compa\u00f1ero, quien de vez en vez le levantaba uno de sus brazos y la hac\u00eda girar una y otra vez.<\/p>\n\n\n\n<p class=\"p1\">Era un gusto verlas bailar, alegres, sin poses de bailarina, espont\u00e1neas, para ellas mismas, disfrutando. Anticipaba la melod\u00eda, segu\u00eda sus letras, tal vez como tributo&nbsp;a su compa\u00f1ero de baile. En su boca la sonrisa. En sus ojos esa mirada de seguridad, de saberse en el lugar apropiado. Era para ellos <a title=\"Brasil en el LACMA\" href=\"http:\/\/lastierrasdelrincon.org\/bitacora\/2014\/08\/12\/brasil-en-lacma\/\" target=\"_blank\" rel=\"noopener\">Brasil en Los \u00c1ngeles<\/a>.<\/p>\n\n\n\n<p class=\"p1\">Curioso. Estos brasile\u00f1os hablan ingl\u00e9s sin acento, sus ropas y estilo no muestran penurias econ\u00f3micas extremas. Casi pudiera apostar que ellos llegaron a USA aterrizando en alg\u00fan aeropuerto de ciudad grande. Con pasaporte, no por el cerro en manos de un coyote. Y el color de piel tambi\u00e9n los delata, dice que son de los <em>Happy Few<\/em> de Brasil.&nbsp;&nbsp;Estos no act\u00faan como de las favelas.<\/p>\n\n\n\n<p class=\"p1\">Y mientras hac\u00eda estas reflexiones, el tipo que tocaba el saxof\u00f3n mostraba lo que es ser un m\u00fasico con <em>feeling<\/em>, la cantante endulzaba la tarde con esa voz que se antojaba hecha para decir palabras de amor y todos los presentes bailaban con esas ganas de ser pose\u00eddos por esas melodiosas ondas sonoras.<\/p>\n\n\n\n<p class=\"p1\">Y dentro de mi&nbsp;la duda cada vez era m\u00e1s grande. \u00bfQu\u00e9 es prioritario? \u00bfA cual hago caso? \u00bfVer o escuchar? \u00bfSeguir mis sensaciones visuales o las sonoras?. Dudaba, evad\u00eda, recapitulaba. No sab\u00eda si dejarme ir al escuchar&nbsp;la bella voz de la cantante&nbsp;o ver las bien definidas formas&nbsp;de aquellas <del>nalgas<\/del> caderas de una brasile\u00f1a chaparrita, que un d\u00eda de julio decidi\u00f3 que era buena idea bailar en el LACMA.<\/p>\n\n\n\n<p class=\"p1\">\u00a1H\u00edjole, que calor!<\/p>\n\n\n\n<figure class=\"wp-block-gallery columns-3 is-cropped wp-block-gallery-1 is-layout-flex wp-block-gallery-is-layout-flex\"><ul class=\"blocks-gallery-grid\"><li class=\"blocks-gallery-item\"><figure><img data-id=\"676\" class=\"wp-image-676\"\/><\/figure><\/li><li class=\"blocks-gallery-item\"><figure><img data-id=\"675\" class=\"wp-image-675\"\/><\/figure><\/li><li class=\"blocks-gallery-item\"><figure><img data-id=\"680\" class=\"wp-image-680\"\/><\/figure><\/li><li class=\"blocks-gallery-item\"><figure><a href=\"http:\/\/www.lastierrasdelrincon.org\/bitacora\/2014\/08\/brasileiros-en-lacma\/dsc05166\/#main\"><img loading=\"lazy\" decoding=\"async\" width=\"480\" height=\"640\" src=\"http:\/\/www.lastierrasdelrincon.org\/bitacora\/wp-content\/uploads\/2022\/01\/DSC05166.jpg\" alt=\"\" data-id=\"962\" data-full-url=\"http:\/\/www.lastierrasdelrincon.org\/bitacora\/wp-content\/uploads\/2022\/01\/DSC05166.jpg\" data-link=\"http:\/\/www.lastierrasdelrincon.org\/bitacora\/2014\/08\/brasileiros-en-lacma\/dsc05166\/#main\" class=\"wp-image-962\" srcset=\"http:\/\/www.lastierrasdelrincon.org\/bitacora\/wp-content\/uploads\/2022\/01\/DSC05166.jpg 480w, http:\/\/www.lastierrasdelrincon.org\/bitacora\/wp-content\/uploads\/2022\/01\/DSC05166-225x300.jpg 225w, http:\/\/www.lastierrasdelrincon.org\/bitacora\/wp-content\/uploads\/2022\/01\/DSC05166-150x200.jpg 150w, http:\/\/www.lastierrasdelrincon.org\/bitacora\/wp-content\/uploads\/2022\/01\/DSC05166-450x600.jpg 450w\" sizes=\"auto, (max-width: 480px) 100vw, 480px\" \/><\/a><\/figure><\/li><li class=\"blocks-gallery-item\"><figure><a href=\"http:\/\/www.lastierrasdelrincon.org\/bitacora\/2014\/08\/brasileiros-en-lacma\/dsc05150\/#main\"><img loading=\"lazy\" decoding=\"async\" width=\"640\" height=\"480\" src=\"http:\/\/www.lastierrasdelrincon.org\/bitacora\/wp-content\/uploads\/2022\/01\/DSC05150.jpg\" alt=\"\" data-id=\"960\" data-full-url=\"http:\/\/www.lastierrasdelrincon.org\/bitacora\/wp-content\/uploads\/2022\/01\/DSC05150.jpg\" data-link=\"http:\/\/www.lastierrasdelrincon.org\/bitacora\/2014\/08\/brasileiros-en-lacma\/dsc05150\/#main\" class=\"wp-image-960\" srcset=\"http:\/\/www.lastierrasdelrincon.org\/bitacora\/wp-content\/uploads\/2022\/01\/DSC05150.jpg 640w, http:\/\/www.lastierrasdelrincon.org\/bitacora\/wp-content\/uploads\/2022\/01\/DSC05150-300x225.jpg 300w, http:\/\/www.lastierrasdelrincon.org\/bitacora\/wp-content\/uploads\/2022\/01\/DSC05150-200x150.jpg 200w\" sizes=\"auto, (max-width: 640px) 100vw, 640px\" \/><\/a><\/figure><\/li><li class=\"blocks-gallery-item\"><figure><a href=\"http:\/\/www.lastierrasdelrincon.org\/bitacora\/2014\/08\/brasileiros-en-lacma\/dsc05238\/#main\"><img loading=\"lazy\" decoding=\"async\" width=\"640\" height=\"480\" src=\"http:\/\/www.lastierrasdelrincon.org\/bitacora\/wp-content\/uploads\/2022\/01\/DSC05238.jpg\" alt=\"\" data-id=\"964\" data-full-url=\"http:\/\/www.lastierrasdelrincon.org\/bitacora\/wp-content\/uploads\/2022\/01\/DSC05238.jpg\" data-link=\"http:\/\/www.lastierrasdelrincon.org\/bitacora\/2014\/08\/brasileiros-en-lacma\/dsc05238\/#main\" class=\"wp-image-964\" srcset=\"http:\/\/www.lastierrasdelrincon.org\/bitacora\/wp-content\/uploads\/2022\/01\/DSC05238.jpg 640w, http:\/\/www.lastierrasdelrincon.org\/bitacora\/wp-content\/uploads\/2022\/01\/DSC05238-300x225.jpg 300w, http:\/\/www.lastierrasdelrincon.org\/bitacora\/wp-content\/uploads\/2022\/01\/DSC05238-200x150.jpg 200w\" sizes=\"auto, (max-width: 640px) 100vw, 640px\" \/><\/a><\/figure><\/li><li class=\"blocks-gallery-item\"><figure><a href=\"http:\/\/www.lastierrasdelrincon.org\/bitacora\/2014\/08\/brasileiros-en-lacma\/dsc05154\/#main\"><img loading=\"lazy\" decoding=\"async\" width=\"480\" height=\"640\" src=\"http:\/\/www.lastierrasdelrincon.org\/bitacora\/wp-content\/uploads\/2022\/01\/DSC05154.jpg\" alt=\"\" data-id=\"961\" data-full-url=\"http:\/\/www.lastierrasdelrincon.org\/bitacora\/wp-content\/uploads\/2022\/01\/DSC05154.jpg\" data-link=\"http:\/\/www.lastierrasdelrincon.org\/bitacora\/2014\/08\/brasileiros-en-lacma\/dsc05154\/#main\" class=\"wp-image-961\" srcset=\"http:\/\/www.lastierrasdelrincon.org\/bitacora\/wp-content\/uploads\/2022\/01\/DSC05154.jpg 480w, http:\/\/www.lastierrasdelrincon.org\/bitacora\/wp-content\/uploads\/2022\/01\/DSC05154-225x300.jpg 225w, http:\/\/www.lastierrasdelrincon.org\/bitacora\/wp-content\/uploads\/2022\/01\/DSC05154-150x200.jpg 150w, http:\/\/www.lastierrasdelrincon.org\/bitacora\/wp-content\/uploads\/2022\/01\/DSC05154-450x600.jpg 450w\" sizes=\"auto, (max-width: 480px) 100vw, 480px\" \/><\/a><\/figure><\/li><li class=\"blocks-gallery-item\"><figure><a href=\"http:\/\/www.lastierrasdelrincon.org\/bitacora\/2014\/08\/brasileiros-en-lacma\/dsc05218\/#main\"><img loading=\"lazy\" decoding=\"async\" width=\"640\" height=\"480\" src=\"http:\/\/www.lastierrasdelrincon.org\/bitacora\/wp-content\/uploads\/2022\/01\/DSC05218.jpg\" alt=\"\" data-id=\"963\" data-full-url=\"http:\/\/www.lastierrasdelrincon.org\/bitacora\/wp-content\/uploads\/2022\/01\/DSC05218.jpg\" data-link=\"http:\/\/www.lastierrasdelrincon.org\/bitacora\/2014\/08\/brasileiros-en-lacma\/dsc05218\/#main\" class=\"wp-image-963\" srcset=\"http:\/\/www.lastierrasdelrincon.org\/bitacora\/wp-content\/uploads\/2022\/01\/DSC05218.jpg 640w, http:\/\/www.lastierrasdelrincon.org\/bitacora\/wp-content\/uploads\/2022\/01\/DSC05218-300x225.jpg 300w, http:\/\/www.lastierrasdelrincon.org\/bitacora\/wp-content\/uploads\/2022\/01\/DSC05218-200x150.jpg 200w\" sizes=\"auto, (max-width: 640px) 100vw, 640px\" \/><\/a><\/figure><\/li><li class=\"blocks-gallery-item\"><figure><a href=\"http:\/\/www.lastierrasdelrincon.org\/bitacora\/2014\/08\/brasileiros-en-lacma\/dsc05281\/#main\"><img loading=\"lazy\" decoding=\"async\" width=\"640\" height=\"480\" src=\"http:\/\/www.lastierrasdelrincon.org\/bitacora\/wp-content\/uploads\/2022\/01\/DSC05281.jpg\" alt=\"\" data-id=\"972\" data-full-url=\"http:\/\/www.lastierrasdelrincon.org\/bitacora\/wp-content\/uploads\/2022\/01\/DSC05281.jpg\" data-link=\"http:\/\/www.lastierrasdelrincon.org\/bitacora\/2014\/08\/brasileiros-en-lacma\/dsc05281\/#main\" class=\"wp-image-972\" srcset=\"http:\/\/www.lastierrasdelrincon.org\/bitacora\/wp-content\/uploads\/2022\/01\/DSC05281.jpg 640w, http:\/\/www.lastierrasdelrincon.org\/bitacora\/wp-content\/uploads\/2022\/01\/DSC05281-300x225.jpg 300w, http:\/\/www.lastierrasdelrincon.org\/bitacora\/wp-content\/uploads\/2022\/01\/DSC05281-200x150.jpg 200w\" sizes=\"auto, (max-width: 640px) 100vw, 640px\" \/><\/a><\/figure><\/li><li class=\"blocks-gallery-item\"><figure><a href=\"http:\/\/www.lastierrasdelrincon.org\/bitacora\/2014\/08\/brasileiros-en-lacma\/dsc05251\/#main\"><img loading=\"lazy\" decoding=\"async\" width=\"480\" height=\"640\" src=\"http:\/\/www.lastierrasdelrincon.org\/bitacora\/wp-content\/uploads\/2022\/01\/DSC05251.jpg\" alt=\"\" data-id=\"965\" data-full-url=\"http:\/\/www.lastierrasdelrincon.org\/bitacora\/wp-content\/uploads\/2022\/01\/DSC05251.jpg\" data-link=\"http:\/\/www.lastierrasdelrincon.org\/bitacora\/2014\/08\/brasileiros-en-lacma\/dsc05251\/#main\" class=\"wp-image-965\" srcset=\"http:\/\/www.lastierrasdelrincon.org\/bitacora\/wp-content\/uploads\/2022\/01\/DSC05251.jpg 480w, http:\/\/www.lastierrasdelrincon.org\/bitacora\/wp-content\/uploads\/2022\/01\/DSC05251-225x300.jpg 225w, http:\/\/www.lastierrasdelrincon.org\/bitacora\/wp-content\/uploads\/2022\/01\/DSC05251-150x200.jpg 150w, http:\/\/www.lastierrasdelrincon.org\/bitacora\/wp-content\/uploads\/2022\/01\/DSC05251-450x600.jpg 450w\" sizes=\"auto, (max-width: 480px) 100vw, 480px\" \/><\/a><\/figure><\/li><li class=\"blocks-gallery-item\"><figure><a href=\"http:\/\/www.lastierrasdelrincon.org\/bitacora\/2014\/08\/brasileiros-en-lacma\/dsc05259\/#main\"><img loading=\"lazy\" decoding=\"async\" width=\"640\" height=\"480\" src=\"http:\/\/www.lastierrasdelrincon.org\/bitacora\/wp-content\/uploads\/2022\/01\/DSC05259.jpg\" alt=\"\" data-id=\"967\" data-full-url=\"http:\/\/www.lastierrasdelrincon.org\/bitacora\/wp-content\/uploads\/2022\/01\/DSC05259.jpg\" data-link=\"http:\/\/www.lastierrasdelrincon.org\/bitacora\/2014\/08\/brasileiros-en-lacma\/dsc05259\/#main\" class=\"wp-image-967\" srcset=\"http:\/\/www.lastierrasdelrincon.org\/bitacora\/wp-content\/uploads\/2022\/01\/DSC05259.jpg 640w, http:\/\/www.lastierrasdelrincon.org\/bitacora\/wp-content\/uploads\/2022\/01\/DSC05259-300x225.jpg 300w, http:\/\/www.lastierrasdelrincon.org\/bitacora\/wp-content\/uploads\/2022\/01\/DSC05259-200x150.jpg 200w\" sizes=\"auto, (max-width: 640px) 100vw, 640px\" \/><\/a><\/figure><\/li><li class=\"blocks-gallery-item\"><figure><a href=\"http:\/\/www.lastierrasdelrincon.org\/bitacora\/2014\/08\/brasileiros-en-lacma\/dsc05272\/#main\"><img loading=\"lazy\" decoding=\"async\" width=\"480\" height=\"640\" src=\"http:\/\/www.lastierrasdelrincon.org\/bitacora\/wp-content\/uploads\/2022\/01\/DSC05272.jpg\" alt=\"\" data-id=\"970\" data-full-url=\"http:\/\/www.lastierrasdelrincon.org\/bitacora\/wp-content\/uploads\/2022\/01\/DSC05272.jpg\" data-link=\"http:\/\/www.lastierrasdelrincon.org\/bitacora\/2014\/08\/brasileiros-en-lacma\/dsc05272\/#main\" class=\"wp-image-970\" srcset=\"http:\/\/www.lastierrasdelrincon.org\/bitacora\/wp-content\/uploads\/2022\/01\/DSC05272.jpg 480w, http:\/\/www.lastierrasdelrincon.org\/bitacora\/wp-content\/uploads\/2022\/01\/DSC05272-225x300.jpg 225w, http:\/\/www.lastierrasdelrincon.org\/bitacora\/wp-content\/uploads\/2022\/01\/DSC05272-150x200.jpg 150w, http:\/\/www.lastierrasdelrincon.org\/bitacora\/wp-content\/uploads\/2022\/01\/DSC05272-450x600.jpg 450w\" sizes=\"auto, (max-width: 480px) 100vw, 480px\" \/><\/a><\/figure><\/li><li class=\"blocks-gallery-item\"><figure><a href=\"http:\/\/www.lastierrasdelrincon.org\/bitacora\/2014\/08\/brasileiros-en-lacma\/dsc05277\/#main\"><img loading=\"lazy\" decoding=\"async\" width=\"640\" height=\"480\" src=\"http:\/\/www.lastierrasdelrincon.org\/bitacora\/wp-content\/uploads\/2022\/01\/DSC05277.jpg\" alt=\"\" data-id=\"971\" data-full-url=\"http:\/\/www.lastierrasdelrincon.org\/bitacora\/wp-content\/uploads\/2022\/01\/DSC05277.jpg\" data-link=\"http:\/\/www.lastierrasdelrincon.org\/bitacora\/2014\/08\/brasileiros-en-lacma\/dsc05277\/#main\" class=\"wp-image-971\" srcset=\"http:\/\/www.lastierrasdelrincon.org\/bitacora\/wp-content\/uploads\/2022\/01\/DSC05277.jpg 640w, http:\/\/www.lastierrasdelrincon.org\/bitacora\/wp-content\/uploads\/2022\/01\/DSC05277-300x225.jpg 300w, http:\/\/www.lastierrasdelrincon.org\/bitacora\/wp-content\/uploads\/2022\/01\/DSC05277-200x150.jpg 200w\" sizes=\"auto, (max-width: 640px) 100vw, 640px\" \/><\/a><\/figure><\/li><li class=\"blocks-gallery-item\"><figure><a href=\"http:\/\/www.lastierrasdelrincon.org\/bitacora\/2014\/08\/brasileiros-en-lacma\/dsc05316\/#main\"><img loading=\"lazy\" decoding=\"async\" width=\"480\" height=\"640\" src=\"http:\/\/www.lastierrasdelrincon.org\/bitacora\/wp-content\/uploads\/2022\/01\/DSC05316.jpg\" alt=\"\" data-id=\"974\" data-full-url=\"http:\/\/www.lastierrasdelrincon.org\/bitacora\/wp-content\/uploads\/2022\/01\/DSC05316.jpg\" data-link=\"http:\/\/www.lastierrasdelrincon.org\/bitacora\/2014\/08\/brasileiros-en-lacma\/dsc05316\/#main\" class=\"wp-image-974\" srcset=\"http:\/\/www.lastierrasdelrincon.org\/bitacora\/wp-content\/uploads\/2022\/01\/DSC05316.jpg 480w, http:\/\/www.lastierrasdelrincon.org\/bitacora\/wp-content\/uploads\/2022\/01\/DSC05316-225x300.jpg 225w, http:\/\/www.lastierrasdelrincon.org\/bitacora\/wp-content\/uploads\/2022\/01\/DSC05316-150x200.jpg 150w, http:\/\/www.lastierrasdelrincon.org\/bitacora\/wp-content\/uploads\/2022\/01\/DSC05316-450x600.jpg 450w\" sizes=\"auto, (max-width: 480px) 100vw, 480px\" \/><\/a><\/figure><\/li><\/ul><\/figure>\n\n\n\n<p><br><a href=\"http:\/\/creativecommons.org\/licenses\/by-nc-sa\/3.0\/deed.es_CO\" rel=\"license\"><img decoding=\"async\" style=\"border-width: 0;\" src=\"http:\/\/i.creativecommons.org\/l\/by-nc-sa\/3.0\/88x31.png\" alt=\"Licencia Creative Commons\"><\/a><br>Este obra de <a href=\"http:\/\/lastierrasdelrincon.org\/\" rel=\"cc:attributionURL\">http:\/\/lastierrasdelrincon.org\/<\/a> est\u00e1 bajo una <a href=\"http:\/\/creativecommons.org\/licenses\/by-nc-sa\/3.0\/deed.es_CO\" rel=\"license\">Licencia Creative Commons Atribuci\u00f3n-NoComercial-CompartirIgual 3.0 Unported<\/a>.<\/p>\n","protected":false},"excerpt":{"rendered":"<p>De todos los presentes quienes se mostraban m\u00e1s felices, en su ambiente, eran los brasile\u00f1os. Esta tarde el lugar del evento les pertenec\u00eda, era de ellos, era su m\u00fasica. Y no es que los no brasileiros&nbsp;estuvieran a disgusto pero esta fiesta era de los que ten\u00edan el portugu\u00e9s como lengua madre, de los que que&hellip;<\/p>\n","protected":false},"author":2,"featured_media":0,"comment_status":"open","ping_status":"open","sticky":false,"template":"","format":"standard","meta":{"footnotes":""},"categories":[8],"tags":[27,30,31,41],"class_list":["post-668","post","type-post","status-publish","format-standard","hentry","category-periodismo","tag-gringolandia","tag-lacma","tag-lax","tag-relatos"],"jetpack_featured_media_url":"","_links":{"self":[{"href":"http:\/\/www.lastierrasdelrincon.org\/bitacora\/wp-json\/wp\/v2\/posts\/668","targetHints":{"allow":["GET"]}}],"collection":[{"href":"http:\/\/www.lastierrasdelrincon.org\/bitacora\/wp-json\/wp\/v2\/posts"}],"about":[{"href":"http:\/\/www.lastierrasdelrincon.org\/bitacora\/wp-json\/wp\/v2\/types\/post"}],"author":[{"embeddable":true,"href":"http:\/\/www.lastierrasdelrincon.org\/bitacora\/wp-json\/wp\/v2\/users\/2"}],"replies":[{"embeddable":true,"href":"http:\/\/www.lastierrasdelrincon.org\/bitacora\/wp-json\/wp\/v2\/comments?post=668"}],"version-history":[{"count":4,"href":"http:\/\/www.lastierrasdelrincon.org\/bitacora\/wp-json\/wp\/v2\/posts\/668\/revisions"}],"predecessor-version":[{"id":980,"href":"http:\/\/www.lastierrasdelrincon.org\/bitacora\/wp-json\/wp\/v2\/posts\/668\/revisions\/980"}],"wp:attachment":[{"href":"http:\/\/www.lastierrasdelrincon.org\/bitacora\/wp-json\/wp\/v2\/media?parent=668"}],"wp:term":[{"taxonomy":"category","embeddable":true,"href":"http:\/\/www.lastierrasdelrincon.org\/bitacora\/wp-json\/wp\/v2\/categories?post=668"},{"taxonomy":"post_tag","embeddable":true,"href":"http:\/\/www.lastierrasdelrincon.org\/bitacora\/wp-json\/wp\/v2\/tags?post=668"}],"curies":[{"name":"wp","href":"https:\/\/api.w.org\/{rel}","templated":true}]}}