{"id":63,"date":"2013-03-05T02:15:08","date_gmt":"2013-03-05T02:15:08","guid":{"rendered":"http:\/\/lastierrasdelrincon.org\/bitacora\/?p=63"},"modified":"2022-01-18T06:12:15","modified_gmt":"2022-01-18T06:12:15","slug":"mi-entrada-a-los-ebooks","status":"publish","type":"post","link":"http:\/\/www.lastierrasdelrincon.org\/bitacora\/2013\/03\/mi-entrada-a-los-ebooks\/","title":{"rendered":"Mi entrada a los ebooks"},"content":{"rendered":"\n<p>&nbsp;<\/p>\n\n\n\n<p><\/p>\n\n\n\n<p>En diciembre de 2011 me regale una tableta lo que signific\u00f3 para m\u00ed la entrada formal a los libros digitales.<\/p>\n\n\n\n<p>La decisi\u00f3n que fuera una <a title=\"Kindle Fire\" href=\"http:\/\/www.amazon.com\/gp\/product\/B008GFUA4C\/ref=fs_2\" target=\"_blank\" rel=\"noopener\">Kindel Fire<\/a> y no otro dispositivo digital, la tom\u00e9 despu\u00e9s de ver varias opciones del mercado, entre las que la iPad siempre fue mi primera opci\u00f3n. \u00bfLa raz\u00f3n? Muy simple: es un producto de Apple y usarlos es cool, pero el precio y tomando en cuenta que el principal uso ser\u00eda leer libros, me hicieron preferir algo m\u00e1s modesto.<\/p>\n\n\n\n<p>En esas fechas Amazon lanzaba este modelo y las rese\u00f1as sobre las cualidades del producto la hac\u00edan lucir muy atractiva para m\u00ed. Bueno, adem\u00e1s estaba el hecho de que tengo m\u00e1s de diez a\u00f1os que compro libros (y otros productos) en Amazon y me considero un cliente satisfecho.<\/p>\n\n\n\n<p>Antes de la llegada de aquella navidad de 2011 ya contaba con algunos libros digitales en formato .mobi, la mayor\u00eda de ellos t\u00e9cnicos y en ingl\u00e9s, que le\u00eda en la aplicaci\u00f3n de <a title=\"Amazon\" href=\"http:\/\/www.amazon.com\/\" target=\"_blank\" rel=\"noopener\">Amazon<\/a> para computadoras personales. La verdad me resultaba pesado hacerlo ya&nbsp; que leer en pantalla no es algo que me resulte agradable, sobre todo trat\u00e1ndose de textos largos.<\/p>\n\n\n\n<p>As\u00ed es que no era del todo novato en este nuevo mundo no solamente porque en mi biblioteca digital ya exist\u00edan algunos ejemplares, sino porque desde aquellos lejanos tiempos de las Palm Pilot las posibilidades de almacenar y leer desde un dispositivo de estos, eran para m\u00ed parte de las maravillas del siglo XXI. Claro que afines de los noventas mi visi\u00f3n era excelente, no usaba gafas y las dimensiones de la Palm, me permitieron leer algunos textos sin grandes complicaciones.<\/p>\n\n\n\n<p>El caso es que armado con estas experiencias remotas, la gran cantidad de documentos PDF que he almacenado en a\u00f1os, los eBooks reci\u00e9n adquiridos y la nueva tableta, iniciaba un 2012 dispuesto a leer m\u00e1s y mejor.<\/p>\n\n\n\n<p><br><\/p>\n\n\n\n<!--more-->\n\n\n\n<p>Pero la realidad no fue tan atractiva como la imagen que me constru\u00ed de ella, A decir verdad ni uno de estos casi 30 libros lograba quitar las telara\u00f1as de la nostalgia, del sabor de hojear p\u00e1ginas, del sonido o el olor de estas, de las sensaciones t\u00e1ctiles de texturas diferentes entre las pastas y las hojas del libro tradicional. Mis ganas de hojear se frustraban, mis deseos de pasar a aquella referencia necesaria en el momento de urgencia era imposible, mis curiosidades anticipadas por saber con una sola mirada y r\u00e1pidamente cuanto m\u00e1s del cap\u00edtulo actual me faltaba por leer, no pod\u00eda ser satisfecha a como estaba acostumbrado. Adem\u00e1s mis ojos ya o eran aquellos que le\u00edan sin problemas letras diminutas en pantallas peque\u00f1as.<\/p>\n\n\n\n<p>Y mi lectura no era como hab\u00eda esperado en esta mi incursi\u00f3n al mundo digital, sino al contrario, en vez de aumentar, disminu\u00eda. Estudiaba, aprend\u00eda, consultaba referencias en l\u00ednea f\u00e1cilmente, desde un solo dispositivo. Pero segu\u00eda a\u00f1orando el papel y la sensaci\u00f3n de que los tiempos pasados siempre fueron mejores permanec\u00eda dentro de m\u00ed. Y mi desencanto fue tal que llegue a creer que esta situaci\u00f3n ten\u00eda relaci\u00f3n directa con mis bolsillos, y que no saldr\u00eda impune por haberme ahorrado casi doscientos d\u00f3lares !Deb\u00ed haber comprado la iPad!, me dije m\u00e1s de una vez.<\/p>\n\n\n\n<p>Para mi buena suerte lleg\u00f3 el mes de junio y junto a sus calores, la magia de la literatura. Las letras de Elfriede Jelinek, Imre Kert\u00e9sz y Herta M\u00fcller aparecieron en la pantalla de la Kindle y de buenas a primeras, el contenedor en el que se mostraban pareci\u00f3 no importar. \u201c<a title=\"Los Excuidos\" href=\"http:\/\/www.amazon.com\/Excluidos-Rejects-Literatura-Mondadori-Spanish\/dp\/8439712154\/ref=sr_1_cc_1?s=aps&amp;ie=UTF8&amp;qid=1362449156&amp;sr=1-1-catcorr&amp;keywords=elfriede+jelinek+spanish\" target=\"_blank\" rel=\"noopener\">Los Excluidos<\/a>\u201d (Elfriede Jelinek) fue el primer libro que le\u00ed completo en ebook digital. Sigui\u00f3 \u201c<a href=\"http:\/\/www.amazon.com\/hubiera-preferido-encontrarme-Tiempos-ebook\/dp\/B007I0LWVQ\/ref=sr_1_2?s=books&amp;ie=UTF8&amp;qid=1362449217&amp;sr=1-2&amp;keywords=herta+muller+spanish\" target=\"_blank\" rel=\"noopener\">Hoy hubiera preferido no encontrarme a m\u00ed misma<\/a>\u201d (Herta M\u00fcller) y despu\u00e9s \u201c<a href=\"http:\/\/www.amazon.com\/Sin-destino-Spanish-Edition-ebook\/dp\/B008M9HVBM\/ref=tmm_kin_title_popover?ie=UTF8&amp;qid=1362449420&amp;sr=1-3-catcorr\" target=\"_blank\" rel=\"noopener\">Sin destino<\/a>\u201d (Imre Kert\u00e9sz). Las tres &nbsp;en menos de un mes, sin esfuerzo alguno, disfrut\u00e1ndolas, sin a\u00f1oranzas, y con la a\u00f1adidura que pod\u00eda hacerlo en lugares en los que me hubiera sido dif\u00edcil con un libro de papel.<\/p>\n\n\n\n<p>Las obras de algunos ganadores del Premio Nobel de Literatura y varios ejemplares de novela negra de autores mexicanos y espa\u00f1oles,&nbsp; forman ahora mi colecci\u00f3n digital.<\/p>\n\n\n\n<p>La verdad es que a\u00fan tengo y leo libros en papel, pero en estos diez meses he le\u00eddo diez y seis libros digitales, quince de los cuales son novelas y ahora se que ya no hay regreso para m\u00ed. Ya les agarr\u00e9 sabor. Ya se que funcionan. Ya se que mi tableta es un contenedor m\u00e1s y que la magia de las palabras, el torrente de emociones, ah\u00ed est\u00e1n y no se pierden. En la literatura el viaje se hace a trav\u00e9s de la palabra, no del contenedor.<br>&nbsp;<br><a href=\"http:\/\/creativecommons.org\/licenses\/by-nc-sa\/3.0\/deed.es_CO\" rel=\"license\"><img decoding=\"async\" style=\"border-width: 0;\" src=\"http:\/\/i.creativecommons.org\/l\/by-nc-sa\/3.0\/88x31.png\" alt=\"Licencia Creative Commons\"><\/a><br>Este obra de <a href=\"http:\/\/lastierrasdelrincon.org\/\" rel=\"cc:attributionURL\">http:\/\/lastierrasdelrincon.org\/<\/a> est\u00e1 bajo una <a href=\"http:\/\/creativecommons.org\/licenses\/by-nc-sa\/3.0\/deed.es_CO\" rel=\"license\">Licencia Creative Commons Atribuci\u00f3n-NoComercial-CompartirIgual 3.0 Unported<\/a>.<\/p>\n","protected":false},"excerpt":{"rendered":"<p>&nbsp; En diciembre de 2011 me regale una tableta lo que signific\u00f3 para m\u00ed la entrada formal a los libros digitales. La decisi\u00f3n que fuera una Kindel Fire y no otro dispositivo digital, la tom\u00e9 despu\u00e9s de ver varias opciones del mercado, entre las que la iPad siempre fue mi primera opci\u00f3n. \u00bfLa raz\u00f3n? Muy&hellip;<\/p>\n","protected":false},"author":2,"featured_media":0,"comment_status":"open","ping_status":"open","sticky":false,"template":"","format":"standard","meta":{"footnotes":""},"categories":[7],"tags":[29,36],"class_list":["post-63","post","type-post","status-publish","format-standard","hentry","category-ebooks","tag-kindle","tag-novela-negra"],"jetpack_featured_media_url":"","_links":{"self":[{"href":"http:\/\/www.lastierrasdelrincon.org\/bitacora\/wp-json\/wp\/v2\/posts\/63","targetHints":{"allow":["GET"]}}],"collection":[{"href":"http:\/\/www.lastierrasdelrincon.org\/bitacora\/wp-json\/wp\/v2\/posts"}],"about":[{"href":"http:\/\/www.lastierrasdelrincon.org\/bitacora\/wp-json\/wp\/v2\/types\/post"}],"author":[{"embeddable":true,"href":"http:\/\/www.lastierrasdelrincon.org\/bitacora\/wp-json\/wp\/v2\/users\/2"}],"replies":[{"embeddable":true,"href":"http:\/\/www.lastierrasdelrincon.org\/bitacora\/wp-json\/wp\/v2\/comments?post=63"}],"version-history":[{"count":2,"href":"http:\/\/www.lastierrasdelrincon.org\/bitacora\/wp-json\/wp\/v2\/posts\/63\/revisions"}],"predecessor-version":[{"id":958,"href":"http:\/\/www.lastierrasdelrincon.org\/bitacora\/wp-json\/wp\/v2\/posts\/63\/revisions\/958"}],"wp:attachment":[{"href":"http:\/\/www.lastierrasdelrincon.org\/bitacora\/wp-json\/wp\/v2\/media?parent=63"}],"wp:term":[{"taxonomy":"category","embeddable":true,"href":"http:\/\/www.lastierrasdelrincon.org\/bitacora\/wp-json\/wp\/v2\/categories?post=63"},{"taxonomy":"post_tag","embeddable":true,"href":"http:\/\/www.lastierrasdelrincon.org\/bitacora\/wp-json\/wp\/v2\/tags?post=63"}],"curies":[{"name":"wp","href":"https:\/\/api.w.org\/{rel}","templated":true}]}}