{"id":610,"date":"2014-08-17T21:00:54","date_gmt":"2014-08-18T04:00:54","guid":{"rendered":"http:\/\/lastierrasdelrincon.org\/bitacora\/?p=610"},"modified":"2022-01-18T05:31:08","modified_gmt":"2022-01-18T05:31:08","slug":"escritores-novela-negra-como-trabajan-ricardo-bosque","status":"publish","type":"post","link":"http:\/\/www.lastierrasdelrincon.org\/bitacora\/2014\/08\/escritores-novela-negra-como-trabajan-ricardo-bosque\/","title":{"rendered":"Escritores de novela negra y como trabajan &#8211; Ricardo Bosque"},"content":{"rendered":"\n<p class=\"p1\">&nbsp;\u00bfTe has preguntado cuales son los h\u00e1bitos de trabajo de tus escritores favoritos? \u00bfQue m\u00fasica escuchan cuando escriben, d\u00f3nde lo hacen, cuantas horas pasan derramando palabras sobre el papel o la pantalla?<\/p>\n\n\n\n<p class=\"p1\">&nbsp;Esta serie de entrevistas dar\u00e1n respuesta a algunas simples preguntas que hice a algunos de los escritores de novela negra m\u00e1s importantes de este tiempo.<\/p>\n\n\n\n<p class=\"p1\">&nbsp;En este entrega <a title=\"Ricardo Bosque Website\" href=\"http:\/\/www.ricardobosque.es\/\" target=\"_blank\" rel=\"noopener\">Ricardo Bosque<\/a>&nbsp;nos da a conocer algunos de sus h\u00e1bitos como escritor. Que lo disfrutes.<\/p>\n\n\n\n<div class=\"wp-block-image\"><figure class=\"aligncenter\"><a href=\"http:\/\/lastierrasdelrincon.org\/bitacora\/wp-content\/uploads\/2014\/08\/ricardo.jpg\"><img decoding=\"async\" src=\"http:\/\/lastierrasdelrincon.org\/bitacora\/wp-content\/uploads\/2014\/08\/ricardo-300x250.jpg\" alt=\"Ricardo Bosque\" class=\"wp-image-616\"\/><\/a><figcaption>Ricardo Bosque<\/figcaption><\/figure><\/div>\n\n\n\n<p class=\"p1\">&nbsp;<b>\u00bfPodr\u00edas presentarte y decirnos que escribes (cuento, novela, ensayo, \u2026.)?<\/b><\/p>\n\n\n\n<p class=\"p2\">Soy Ricardo Bosque y nac\u00ed en Zaragoza -donde siempre he vivido- hace exactamente medio siglo. El trabajo que me da de comer lo desarrollo en el ayuntamiento de mi ciudad y parte de mi tiempo libre lo dedico a juntar palabras en forma de novelas, relatos, rese\u00f1as literarias y alg\u00fan art\u00edculo. Y otra parte de ese tiempo libre lo dedico a editar y dirigir la revista digital Calibre ,38, especializada en el g\u00e9nero negro.<\/p>\n\n\n\n<p class=\"p2\">&nbsp;<b>\u00bfCu\u00e1ntas horas al d\u00eda escribes?<\/b><\/p>\n\n\n\n<p class=\"p2\">Menos de las que me gustar\u00eda, con dos peque\u00f1ajos de cuatro a\u00f1os corriendo todo el d\u00eda por casa no se puede hacer m\u00e1s. Siempre que puedo y estoy con una novela, entre hora y media y dos, a poder ser todos los d\u00edas.<\/p>\n\n\n\n<p class=\"p2\">&nbsp;<b>\u00bfA qu\u00e9 hora del d\u00eda prefieres hacerlo?<\/b><\/p>\n\n\n\n<p class=\"p2\">Esta respuesta es complementaria de la de arriba: no es cu\u00e1ndo prefiero sino cu\u00e1ndo puedo, habitualmente de noche y, sobre todo, viernes y s\u00e1bados. Y me gusta, no voy a negarlo.<\/p>\n\n\n\n<p class=\"p2\">&nbsp;<b>\u00bfTe fijas un l\u00edmite en palabras, o en tiempo? \u00bfo no hay l\u00edmite?<\/b><\/p>\n\n\n\n<p class=\"p1\">No, nunca. A veces me lo he propuesto y a la vista de que nunca lo he logrado he desistido de fijarme objetivos tan a corto plazo.<\/p>\n\n\n\n<p class=\"p2\">&nbsp;<b>\u00bfCu\u00e1ndo escribes escuchas m\u00fasica? de ser as\u00ed, \u00bfqu\u00e9 tipo de m\u00fasica?<\/b><\/p>\n\n\n\n<p class=\"p1\">Casi siempre lo hago, me gusta tener m\u00fasica de fondo, instrumental porque si tiene letra terminar\u00eda cantando. Jazz, \u00e9tnica y cl\u00e1sica son mis favoritas, aunque a veces me permito -si la ocasi\u00f3n lo propicia- algo de pop o rock: The Cure, The Clash, Belle &amp; Sebastian, Eels&#8230;<\/p>\n\n\n\n<p class=\"p2\">&nbsp;<b>\u00bfQu\u00e9 tan seguido consultas Internet? \u00bftienes per\u00edodos en los que te abandones totalmente al vac\u00edo de la Internet? \u00bfO te desconectas completamente de tu conexi\u00f3n a la red?<\/b><\/p>\n\n\n\n<p class=\"p1\">Nunca desconecto de la red, dir\u00eda que soy casi un adicto. Como instrumento de consulta me resulta insustituible y, desde luego, como modo de estar en contacto con otros autores o con lectores que han tenido el detalle de leer alguno de mis libros.<\/p>\n\n\n\n<!--more-->\n\n\n\n<p class=\"p2\">&nbsp;<b>\u00bfEres T\u00e9cnico o Rudo? Se dice que los escritores pueden ser dos tipos: Rudos o T\u00e9cnico. Los Rudos escriben una historia r\u00e1pidamente, en completo desorden, caprichosamente, as\u00ed como sale. Despu\u00e9s, regresan a ella de nuevo, cuidadosamente, corrigiendo todo lo que es horrible o lo que simplemente no funciona. Los T\u00e9cnicos escriben una frase a la vez, fij\u00e1ndose que todo sea exacto y correcto antes de dejarla para iniciar con la siguiente. Cuando terminan, terminan. \u00bfEres alguno de ellos, o algo completamente diferente?<\/b><\/p>\n\n\n\n<p class=\"p1\">Me gusta esta divisi\u00f3n. Creo que m\u00e1s bien rudo en la primera fase, tratando de que todo fluya r\u00e1pido, sin corregir casi nada, aprovechando el poco tiempo disponible al m\u00e1ximo para que la trama avance, y t\u00e9cnico cuando ya estoy en fase de reescritura, puliendo detalles y eliminando lo que sobra.<\/p>\n\n\n\n<p class=\"p1\">&nbsp;<b>\u00bfComes mientras escribes?<\/b><\/p>\n\n\n\n<p class=\"p1\">Nunca. Acompa\u00f1o la escritura con una bebida larga y un purito de vez en cuando, aprovechando para hacer una pausa si llevo escribiendo m\u00e1s tiempo de lo habitual.<\/p>\n\n\n\n<p class=\"p2\"><b>\u00bfQu\u00e9 tipo de bocadillos o bebidas prefieres?<\/b><\/p>\n\n\n\n<p class=\"p1\">Bocadillos, casi todos. De jam\u00f3n con tomate, por ejemplo. O de sardinas tampoco est\u00e1 nada mal. En cuanto a bebidas, vino con las comidas, cerveza por la tarde y, escribiendo, me mantengo absolutamente fiel al gin tonic, sobre todo los fines de semana.<\/p>\n\n\n\n<p class=\"p2\"><b>\u00bfCu\u00e1l es tu m\u00e1s grande herramienta para procrastinar? \u00bfo eres de esos tipos raros de escritores que nunca procrastinas?<\/b><\/p>\n\n\n\n<p class=\"p1\">Jajaja, no, en eso debo de ser muy normalito&#8230; Poco disciplinado, siempre soy capaz de encontrar una excusa para no ponerme a hacer lo que debo. Creo que es por eso por lo que me premio con lo del gin tonic del que hablaba antes, un aliciente para ponerme ante el teclado.<\/p>\n\n\n\n<p class=\"p2\"><b>\u00bfComo se acomodan a tu horario de trabajo las personas (pareja \/hijos\/compa\u00f1ero de cuarto) que viven a tu alrededor?&nbsp;<\/b><\/p>\n\n\n\n<p class=\"p1\">M\u00e1s bien soy yo el que se acomoda a ellos, sobre todo a los chavales, demasiado peque\u00f1os para comprender que pap\u00e1 tiene que encerrarse a escribir de vez en cuando. As\u00ed que, cuando me dejan, a darle a la tecla.<\/p>\n\n\n\n<p class=\"p1\">&nbsp;<b>\u00bfEst\u00e1s muy atado emocionalmente al lugar en que te has acostumbrado a escribir? \u00bfo puedes cambiar sin ning\u00fan problema de espacio?<\/b><\/p>\n\n\n\n<p class=\"p1\">Siempre en mi estudio, al que soy tan fiel como al gin t\u00f3nic.<\/p>\n\n\n\n<p class=\"p2\">&nbsp;<b>\u00bfQu\u00e9 tipo de hardware usas?<\/b><\/p>\n\n\n\n<p class=\"p1\">Un netbook -que procuro mantener con el wifi desactivado para evitar distracciones-, y libreta y pluma para tomar notas o desatascar situaciones que no terminan de salir adelante.<\/p>\n\n\n\n<p class=\"p1\">&nbsp;<b>\u00bfQu\u00e9 tipo de software usas?<\/b><\/p>\n\n\n\n<p class=\"p1\">Soy usuario de Linux y, por tanto, del software libre. Pero hace alg\u00fan tiempo prob\u00e9 un programa para escritores, Scrivener, y estoy enganchado a \u00e9l.<\/p>\n\n\n\n<p class=\"p2\">&nbsp;<b>\u00bfQu\u00e9 cambiar\u00edas de la forma en que escribes ahora?<\/b><\/p>\n\n\n\n<p class=\"p1\">La forma creo que va cambiando, evolucionando, de un modo natural, nada premeditado. Lo que s\u00ed me gustar\u00eda es poder modificar los h\u00e1bitos, ser m\u00e1s regular. Supongo que alg\u00fan d\u00eda lo lograr\u00e9, pero tampoco es algo que me quite el sue\u00f1o.<\/p>\n\n\n\n<p class=\"p2\"><em>Fin de la entrevista.<\/em><\/p>\n\n\n\n<blockquote class=\"wp-block-quote is-layout-flow wp-block-quote-is-layout-flow\"><p><b>NOTA<\/b>:<br>Seg\u00fan <b>Kurt Vonnegut<\/b> estos dos tipos son <b>Swooper<\/b> y <b>Basher<\/b> (Rudo y T\u00e9cnico, seg\u00fan mi libre traducci\u00f3n). A falta en mi arsenal de un significado mejor para estos t\u00e9rminos, acudo al deporte de la Lucha Libre que en M\u00e9xico los entiende de la siguiente manera.<br>Los rudos son aquellos luchadores que no dudan en utilizar cualquier tipo de artima\u00f1as o trampas para lograr sus objetivos. Son tambi\u00e9n conocidos como sucios.<br>Los t\u00e9cnicos\u00a0 no utilizan trampas ni maniobras ilegales en sus combates, obtienen la victoria en sus combates de manera limpia. Son tambi\u00e9n conocidos como honestos.<\/p><\/blockquote>\n\n\n\n<p class=\"p1\">Sobre Ricardo Bosque (tomado del <a title=\"Ricardo Bosque\" href=\"http:\/\/www.ricardobosque.es\/\" target=\"_blank\" rel=\"noopener\">sitio web de Ricardo Bosque<\/a>)<\/p>\n\n\n\n<p><em>Nac\u00ed en Zaragoza en 1964, concretamente en el barrio de Torrero, all\u00ed donde se encuentran el cementerio y la c\u00e1rcel -si bien desde su traslado a Zuera, lo que ahora queda es uno de esos llamados Centros de Inserci\u00f3n Social, el apellidado de las Trece rosas.<br>En lo acad\u00e9mico y personal, crec\u00ed feliz, pas\u00e9 por un colegio -el San Antonio-, dos institutos -el omnipresente Goya y otro que entonces era simplemente el Mixto 8, en la actualidad Felix de Azara- y dos escuelas universitarias -la de Ingenier\u00eda T\u00e9cnica, un fracaso, y la de Empresariales, en la que obtuve el t\u00edtulo que nunca he llegado a enmarcar.<br>En lo literario, debut\u00e9 en 2000 con la novela\u00a0<a title=\"\u00daltimo avi\u00f3n a Lisboa\" rel=\"noopener\" href=\"http:\/\/www.amazon.com\/El-%C3%BAltimo-avi%C3%B3n-Lisboa-Spanish-ebook\/dp\/B009M8DR7O\/ref=sr_1_3?s=digital-text&amp;ie=UTF8&amp;qid=1408081829&amp;sr=1-3\" target=\"_blank\"><strong>El \u00faltimo avi\u00f3n a Lisboa<\/strong><\/a>(Editorial Combra). Un a\u00f1o despu\u00e9s gan\u00e9 el segundo premio del\u00a0<strong>Concurso de Relatos Cortos Juan Mart\u00edn Sauras con el cuento A\u00efcha<\/strong>. Otro de mis relatos fue seleccionado para el libro\u00a0<strong>Relatos cortos para leer en tres minutos Luis del Val<\/strong>. Tambi\u00e9n puse mi granito de arena en el libro colectivo\u00a0<strong>Relatos para el n\u00famero cien<\/strong>\u00a0(Mira Editores). En 2007 publiqu\u00e9 mi segunda novela,\u00a0<a title=\"Manda flores a mi entierro\" rel=\"noopener\" href=\"http:\/\/www.amazon.com\/Manda-flores-mi-entierro-Spanish-ebook\/dp\/B00AEXU3MI\/ref=sr_1_1?s=digital-text&amp;ie=UTF8&amp;qid=1408081695&amp;sr=1-1\" target=\"_blank\"><strong>Manda flores a mi entierro<\/strong><\/a>\u00a0(Mira Editores) y en 2009 tuve el honor de que me incluyeran en la antolog\u00eda\u00a0<strong>La lista negra. Nuevos culpables del policial espa\u00f1ol<\/strong>(Salto de P\u00e1gina) y publiqu\u00e9 mi tercera novela,\u00a0<a title=\"Suicidio a cr\u00e9dito\" rel=\"noopener\" href=\"http:\/\/www.amazon.com\/Suicidio-cr%C3%A9dito-Spanish-Ricardo-Bosque-ebook\/dp\/B00BH4R0KG\/ref=sr_1_2?s=digital-text&amp;ie=UTF8&amp;qid=1408081829&amp;sr=1-2\" target=\"_blank\"><strong>Suicidio a cr\u00e9dito<\/strong><\/a>\u00a0(Mira Editores). En diciembre de 2011 se public\u00f3 mi primera novela ebook:\u00a0<a title=\"Cuesti\u00f3n de galones\" rel=\"noopener\" href=\"http:\/\/www.amazon.com\/Cuesti%C3%B3n-galones-Spanish-Ricardo-Bosque-ebook\/dp\/B006LQE274\/ref=sr_1_4?s=digital-text&amp;ie=UTF8&amp;qid=1408081829&amp;sr=1-4\" target=\"_blank\"><strong>Cuesti\u00f3n de galones<\/strong><\/a>\u00a0(Literaturas com Libros), formato en el que se han ido reeditando a lo largo de 2012 mis anteriores novelas en la misma editorial.<br>Y en lo virtual, edito el blog La Balacera, en el que trato de informar sobre la actualidad del g\u00e9nero negro -al que soy adicto desde que a los quince a\u00f1os prob\u00e9 un trago de Hammett- y la revista digital Calibre.38, ambos dedicados al g\u00e9nero negro.<\/em><\/p>\n\n\n\n<figure class=\"wp-block-gallery columns-3 is-cropped wp-block-gallery-1 is-layout-flex wp-block-gallery-is-layout-flex\"><ul class=\"blocks-gallery-grid\"><li class=\"blocks-gallery-item\"><figure><img data-id=\"618\" class=\"wp-image-618\"\/><\/figure><\/li><li class=\"blocks-gallery-item\"><figure><img data-id=\"617\" class=\"wp-image-617\"\/><\/figure><\/li><li class=\"blocks-gallery-item\"><figure><img data-id=\"615\" class=\"wp-image-615\"\/><\/figure><\/li><\/ul><\/figure>\n\n\n\n<p><br><a href=\"http:\/\/creativecommons.org\/licenses\/by-nc-sa\/3.0\/deed.es_CO\" rel=\"license\"><img decoding=\"async\" style=\"border-width: 0;\" src=\"http:\/\/i.creativecommons.org\/l\/by-nc-sa\/3.0\/88x31.png\" alt=\"Licencia Creative Commons\"><\/a><br>Este obra de <a href=\"http:\/\/lastierrasdelrincon.org\/\" rel=\"cc:attributionURL\">http:\/\/lastierrasdelrincon.org\/<\/a> est\u00e1 bajo una <a href=\"http:\/\/creativecommons.org\/licenses\/by-nc-sa\/3.0\/deed.es_CO\" rel=\"license\">Licencia Creative Commons Atribuci\u00f3n-NoComercial-CompartirIgual 3.0 Unported<\/a>.<\/p>\n","protected":false},"excerpt":{"rendered":"<p>&nbsp;\u00bfTe has preguntado cuales son los h\u00e1bitos de trabajo de tus escritores favoritos? \u00bfQue m\u00fasica escuchan cuando escriben, d\u00f3nde lo hacen, cuantas horas pasan derramando palabras sobre el papel o la pantalla? &nbsp;Esta serie de entrevistas dar\u00e1n respuesta a algunas simples preguntas que hice a algunos de los escritores de novela negra m\u00e1s importantes de&hellip;<\/p>\n","protected":false},"author":2,"featured_media":0,"comment_status":"open","ping_status":"open","sticky":false,"template":"","format":"standard","meta":{"footnotes":""},"categories":[3,4],"tags":[25,34,36],"class_list":["post-610","post","type-post","status-publish","format-standard","hentry","category-entrevistas","category-escritores","tag-escritores-novela-negra","tag-negra-y-criminal","tag-novela-negra"],"jetpack_featured_media_url":"","_links":{"self":[{"href":"http:\/\/www.lastierrasdelrincon.org\/bitacora\/wp-json\/wp\/v2\/posts\/610","targetHints":{"allow":["GET"]}}],"collection":[{"href":"http:\/\/www.lastierrasdelrincon.org\/bitacora\/wp-json\/wp\/v2\/posts"}],"about":[{"href":"http:\/\/www.lastierrasdelrincon.org\/bitacora\/wp-json\/wp\/v2\/types\/post"}],"author":[{"embeddable":true,"href":"http:\/\/www.lastierrasdelrincon.org\/bitacora\/wp-json\/wp\/v2\/users\/2"}],"replies":[{"embeddable":true,"href":"http:\/\/www.lastierrasdelrincon.org\/bitacora\/wp-json\/wp\/v2\/comments?post=610"}],"version-history":[{"count":4,"href":"http:\/\/www.lastierrasdelrincon.org\/bitacora\/wp-json\/wp\/v2\/posts\/610\/revisions"}],"predecessor-version":[{"id":903,"href":"http:\/\/www.lastierrasdelrincon.org\/bitacora\/wp-json\/wp\/v2\/posts\/610\/revisions\/903"}],"wp:attachment":[{"href":"http:\/\/www.lastierrasdelrincon.org\/bitacora\/wp-json\/wp\/v2\/media?parent=610"}],"wp:term":[{"taxonomy":"category","embeddable":true,"href":"http:\/\/www.lastierrasdelrincon.org\/bitacora\/wp-json\/wp\/v2\/categories?post=610"},{"taxonomy":"post_tag","embeddable":true,"href":"http:\/\/www.lastierrasdelrincon.org\/bitacora\/wp-json\/wp\/v2\/tags?post=610"}],"curies":[{"name":"wp","href":"https:\/\/api.w.org\/{rel}","templated":true}]}}