{"id":574,"date":"2014-08-12T15:15:08","date_gmt":"2014-08-12T15:15:08","guid":{"rendered":"http:\/\/lastierrasdelrincon.org\/bitacora\/?p=574"},"modified":"2023-06-27T18:53:34","modified_gmt":"2023-06-27T18:53:34","slug":"brasil-en-lacma","status":"publish","type":"post","link":"http:\/\/www.lastierrasdelrincon.org\/bitacora\/2014\/08\/brasil-en-lacma\/","title":{"rendered":"Brasil en el LACMA"},"content":{"rendered":"<div class=\"wp-block-image\">\n<figure class=\"aligncenter size-full\"><img loading=\"lazy\" decoding=\"async\" width=\"640\" height=\"480\" src=\"http:\/\/www.lastierrasdelrincon.org\/bitacora\/wp-content\/uploads\/2022\/01\/DSC05332.jpg\" alt=\"\" class=\"wp-image-975\" srcset=\"http:\/\/www.lastierrasdelrincon.org\/bitacora\/wp-content\/uploads\/2022\/01\/DSC05332.jpg 640w, http:\/\/www.lastierrasdelrincon.org\/bitacora\/wp-content\/uploads\/2022\/01\/DSC05332-300x225.jpg 300w, http:\/\/www.lastierrasdelrincon.org\/bitacora\/wp-content\/uploads\/2022\/01\/DSC05332-200x150.jpg 200w\" sizes=\"auto, (max-width: 640px) 100vw, 640px\" \/><\/figure>\n<\/div>\n\n\n<p><\/p>\n\n\n\n<p class=\"p1\">En el <a title=\"Los Angeles County Museum of Arts\" href=\"http:\/\/www.lacma.org\/\" target=\"_blank\" rel=\"noopener\">LACMA<\/a><strong>*<\/strong>&nbsp;otra vez. El s\u00e1bado, a las cinco de la tarde. Que <a title=\"Katia Moreas\" href=\"http:\/\/www.katiamoraes.com\/\" target=\"_blank\" rel=\"noopener\">Katia Moraes<\/a> era la atracci\u00f3n principal. Vamos pues, dije sin muchas ganas. Entonces all\u00e1 nos vemos yo llego por mi cuenta, a fin que hay transporte p\u00fablico para llegar al lugar del evento. Sale pues, all\u00e1 nos vemos.<\/p>\n\n\n\n<p class=\"p1\">Me baje en la Wilshire y Faifax despu\u00e9s que el desconocimiento de esta ciudad me hiciera tomar el camino largo. Por un lado de <a title=\"Urban Light\" href=\"http:\/\/collections.lacma.org\/node\/214966\" target=\"_blank\" rel=\"noopener\">Urban Light<\/a>, luego&nbsp;de sortear y dejar atr\u00e1s un enorme grupo de ciclistas que platicaban en las rutas de acceso, busqu\u00e9 una mesa desocupada. La escogida, aunque chaparra, ni&nbsp;mi lonche ni mi hambre despreciaron. En un muy europeo pan&nbsp;acomod\u00e9 el queso primero, despu\u00e9s el jam\u00f3n. La primer mordida a gloria me supo porque el hambre ya me hab\u00eda alcanzado. Faltando menos de veinte minutos para la cita y con el postre en mis manos, directo al \u00e1rea del concierto.<\/p>\n\n\n\n<p class=\"p1\">Al fondo el \u00e1rea cuyo foro esta rodeado de bien cuidados \u00e1rboles, gradas a su espalda y jard\u00edn al frente. Pasos r\u00e1pidos me impulsaban para ya no m\u00e1s dilatar mi presencia. Hab\u00eda llegado la hora de escuchar m\u00fasica de Brasil.<\/p>\n\n\n\n<!--more Sigue leyendo-->\n\n\n\n<p class=\"p1\">Las \u00e1reas soleadas aun vac\u00edas. Las sombreadas, casi totalmente ocupadas. Si, a estas horas de un d\u00eda del agosto californiano, la frescura es muy cotizada. Las conveniencias de madrugar eran evidentes. Todos de fiesta, esperando. Caras sonrientes, sillas plegables llevadas por sus ocupantes, mantas tendidas en el suelo, comida y bebidas sobre ellas, mujeres con vaporosas vestimentas de verano. Los murmullo de instrumentos y voces que junto al ingeniero de sonido hac\u00edan sus pruebas, raros sombreros en las cabezas de mujeres ya mayores que disfrazaban un poco su exagerado maquillaje.<\/p>\n\n\n\n<p class=\"p1\">Y ah\u00ed estaba ella sobre el escenario. El azul mezclilla de su vestido, el rojo de sus huaraches y collar, su piel morena. El&nbsp;pelo recogido con chongo atr\u00e1s y sus hombros descubiertos, resaltaban m\u00e1s su belleza mestiza. Los m\u00fasicos vestidos de blanco como el color de su piel. Es Katia, se notaba a leguas. Ejercitaba su voz, sonre\u00eda, comentaba cosas con los del grupo y el ingeniero de sonido que parec\u00eda cerrar m\u00e1s sus orientales ojos al verificar sus datos en una iPad.<\/p>\n\n\n\n<p class=\"p1\">Los asistentes, de razas&nbsp;y vestimentas multicolores. Verdes intensos&nbsp;sobre pieles obscuras; estampados floreados sobre pieles blancas, aretes y collares multicolores, troncos moteados enmarcados con verdes follajes. Colores, colores por doquier.<\/p>\n\n\n\n<p class=\"p1\">\u201cImaginen que est\u00e1n en Brazil,&nbsp; en mi casa, como mis invitados\u201d, dijo Katia en un ingl\u00e9s que a m\u00ed me pareci\u00f3 perfecto, sin acento extranjero, producto de sus casi 24 a\u00f1os de radicar en Los \u00c1ngeles. \u00bfImaginar Brasil? Dif\u00edcil para m\u00ed que tengo muy presente que <a title=\"\u00bfGringo yo?\" href=\"http:\/\/wp.me\/p4QUxk-7\" target=\"_blank\" rel=\"noopener\">vivo&nbsp;en los Estados Unidos de Am\u00e9rica<\/a>. Bueno, que caray, quiz\u00e1s &nbsp;tantos colores a mi alrededor ejercitar\u00e1n mi imaginaci\u00f3n y lo imposible ya no lo ser\u00e1 tanto.<\/p>\n\n\n\n<p class=\"p1\">\u00bfLatinos? No hab\u00eda muchos. Parece que a <em>la raza<\/em> no gusta de la combinaci\u00f3n de <i>Choro<\/i> y <i>Samba<\/i> que este d\u00eda decidi\u00f3 ofrecer el LACMA. Y luego que a estos del grupo <a title=\"Falso Baiano\" href=\"ww.grupofalsobaiano.com\" target=\"_blank\" rel=\"noopener\">Falso Baiano<\/a>, sobre todo al que toca los metales, le da por jazzearle un mucho. O tal vez se sienten m\u00e1s cercanos a la Salsa, que no se canta en portugu\u00e9s. Ya ves, a veces entender el idioma en que las canciones son escritas vale. En fin, que esta vez ingl\u00e9s y&nbsp;portugu\u00e9s manifestar\u00edan las emociones de los asistentes.<\/p>\n\n\n\n<p class=\"p1\">Sonriendo baj\u00f3 del escenario por su parte trasera, levantando su largo vestido con su mano para hacer m\u00e1s f\u00e1cil su andar por&nbsp;los escalones. Sus ojos, fijos en la primera fila de sillas donde estaban los asistentes. Con su brazo extendido apuntando a una mujer joven, hizo la invitaci\u00f3n a bailar. Platicando, sonriendo casi siempre, sus movimientos lentos y alegres mostraban su gusto por el baile. Las enaguas, agarradas con una de sus manos. La otra, casi siempre en lo alto, como varilla de metr\u00f3nomo, balance\u00e1ndose, dando cadencia a sus movimientos.<\/p>\n\n\n\n<p class=\"p1\">La fiesta estaba por empezar, los asistentes anim\u00e1ndose a bailar, los que faltaban por llegar aparecieron y se ubicaban con quienes los esperaban, las sillas y mantas en el c\u00e9sped con menos espacios vac\u00edos.<\/p>\n\n\n\n<p class=\"p1\">El calor aunque no tropical, el baile de la cantante, la m\u00fasica y el mosaico racial que esa tarde sudaba en el LACMA, hac\u00edan m\u00e1s f\u00e1cil fingir por unos instantes&nbsp;que me encontraba en en S\u00e3o Paulo y no en Los \u00c1ngeles.&nbsp;Quien con tanto <em>feeling<\/em> tocaba en ese momento la flauta parec\u00eda saber la alegr\u00eda que trasmit\u00eda a quienes lo escuch\u00e1bamos.<\/p>\n\n\n\n<p class=\"p1\">Definitivamente: el chocolate con almendras que se derret\u00eda en mi boca no era lo \u00fanico que me transmit\u00eda contento.<\/p>\n\n\n\n<p class=\"p1\"><strong>*<\/strong> <em>LACMA<\/em> &#8211; Los Angeles County Museum of Arts<\/p>\n\n\n\n<figure class=\"wp-block-gallery has-nested-images columns-3 is-cropped wp-block-gallery-1 is-layout-flex wp-block-gallery-is-layout-flex\">\n<figure class=\"wp-block-image size-large\"><a href=\"http:\/\/www.lastierrasdelrincon.org\/bitacora\/2014\/08\/brasileiros-en-lacma\/dsc05271\/#main\"><img loading=\"lazy\" decoding=\"async\" width=\"640\" height=\"480\" data-id=\"969\" src=\"http:\/\/www.lastierrasdelrincon.org\/bitacora\/wp-content\/uploads\/2022\/01\/DSC05271.jpg\" alt=\"\" class=\"wp-image-969\" srcset=\"http:\/\/www.lastierrasdelrincon.org\/bitacora\/wp-content\/uploads\/2022\/01\/DSC05271.jpg 640w, http:\/\/www.lastierrasdelrincon.org\/bitacora\/wp-content\/uploads\/2022\/01\/DSC05271-300x225.jpg 300w, http:\/\/www.lastierrasdelrincon.org\/bitacora\/wp-content\/uploads\/2022\/01\/DSC05271-200x150.jpg 200w\" sizes=\"auto, (max-width: 640px) 100vw, 640px\" \/><\/a><\/figure>\n\n\n\n<figure class=\"wp-block-image size-large\"><a href=\"http:\/\/www.lastierrasdelrincon.org\/bitacora\/2014\/08\/brasileiros-en-lacma\/dsc05257\/#main\"><img loading=\"lazy\" decoding=\"async\" width=\"480\" height=\"640\" data-id=\"966\" src=\"http:\/\/www.lastierrasdelrincon.org\/bitacora\/wp-content\/uploads\/2022\/01\/DSC05257.jpg\" alt=\"\" class=\"wp-image-966\" srcset=\"http:\/\/www.lastierrasdelrincon.org\/bitacora\/wp-content\/uploads\/2022\/01\/DSC05257.jpg 480w, http:\/\/www.lastierrasdelrincon.org\/bitacora\/wp-content\/uploads\/2022\/01\/DSC05257-225x300.jpg 225w, http:\/\/www.lastierrasdelrincon.org\/bitacora\/wp-content\/uploads\/2022\/01\/DSC05257-150x200.jpg 150w, http:\/\/www.lastierrasdelrincon.org\/bitacora\/wp-content\/uploads\/2022\/01\/DSC05257-450x600.jpg 450w\" sizes=\"auto, (max-width: 480px) 100vw, 480px\" \/><\/a><\/figure>\n\n\n\n<figure class=\"wp-block-image size-large\"><a href=\"http:\/\/www.lastierrasdelrincon.org\/bitacora\/2014\/08\/brasileiros-en-lacma\/dsc05309\/#main\"><img loading=\"lazy\" decoding=\"async\" width=\"480\" height=\"640\" data-id=\"973\" src=\"http:\/\/www.lastierrasdelrincon.org\/bitacora\/wp-content\/uploads\/2022\/01\/DSC05309.jpg\" alt=\"\" class=\"wp-image-973\" srcset=\"http:\/\/www.lastierrasdelrincon.org\/bitacora\/wp-content\/uploads\/2022\/01\/DSC05309.jpg 480w, http:\/\/www.lastierrasdelrincon.org\/bitacora\/wp-content\/uploads\/2022\/01\/DSC05309-225x300.jpg 225w, http:\/\/www.lastierrasdelrincon.org\/bitacora\/wp-content\/uploads\/2022\/01\/DSC05309-150x200.jpg 150w, http:\/\/www.lastierrasdelrincon.org\/bitacora\/wp-content\/uploads\/2022\/01\/DSC05309-450x600.jpg 450w\" sizes=\"auto, (max-width: 480px) 100vw, 480px\" \/><\/a><\/figure>\n<\/figure>\n\n\n\n<p><br \/><a href=\"http:\/\/creativecommons.org\/licenses\/by-nc-sa\/3.0\/deed.es_CO\" rel=\"license\"><img decoding=\"async\" style=\"border-width: 0;\" src=\"http:\/\/i.creativecommons.org\/l\/by-nc-sa\/3.0\/88x31.png\" alt=\"Licencia Creative Commons\" \/><\/a><br \/>Este obra de <a href=\"http:\/\/lastierrasdelrincon.org\/\" rel=\"cc:attributionURL\">http:\/\/lastierrasdelrincon.org\/<\/a> est\u00e1 bajo una <a href=\"http:\/\/creativecommons.org\/licenses\/by-nc-sa\/3.0\/deed.es_CO\" rel=\"license\">Licencia Creative Commons Atribuci\u00f3n-NoComercial-CompartirIgual 3.0 Unported<\/a><\/p>\n","protected":false},"excerpt":{"rendered":"<p>En el LACMA*&nbsp;otra vez. El s\u00e1bado, a las cinco de la tarde. Que Katia Moraes era la atracci\u00f3n principal. Vamos pues, dije sin muchas ganas. Entonces all\u00e1 nos vemos yo llego por mi cuenta, a fin que hay transporte p\u00fablico para llegar al lugar del evento. Sale pues, all\u00e1 nos vemos. Me baje en la&hellip;<\/p>\n","protected":false},"author":2,"featured_media":0,"comment_status":"open","ping_status":"open","sticky":false,"template":"","format":"standard","meta":{"footnotes":""},"categories":[12],"tags":[20,27,30,31],"class_list":["post-574","post","type-post","status-publish","format-standard","hentry","category-textos","tag-conciertos","tag-gringolandia","tag-lacma","tag-lax"],"jetpack_featured_media_url":"","_links":{"self":[{"href":"http:\/\/www.lastierrasdelrincon.org\/bitacora\/wp-json\/wp\/v2\/posts\/574","targetHints":{"allow":["GET"]}}],"collection":[{"href":"http:\/\/www.lastierrasdelrincon.org\/bitacora\/wp-json\/wp\/v2\/posts"}],"about":[{"href":"http:\/\/www.lastierrasdelrincon.org\/bitacora\/wp-json\/wp\/v2\/types\/post"}],"author":[{"embeddable":true,"href":"http:\/\/www.lastierrasdelrincon.org\/bitacora\/wp-json\/wp\/v2\/users\/2"}],"replies":[{"embeddable":true,"href":"http:\/\/www.lastierrasdelrincon.org\/bitacora\/wp-json\/wp\/v2\/comments?post=574"}],"version-history":[{"count":5,"href":"http:\/\/www.lastierrasdelrincon.org\/bitacora\/wp-json\/wp\/v2\/posts\/574\/revisions"}],"predecessor-version":[{"id":1002,"href":"http:\/\/www.lastierrasdelrincon.org\/bitacora\/wp-json\/wp\/v2\/posts\/574\/revisions\/1002"}],"wp:attachment":[{"href":"http:\/\/www.lastierrasdelrincon.org\/bitacora\/wp-json\/wp\/v2\/media?parent=574"}],"wp:term":[{"taxonomy":"category","embeddable":true,"href":"http:\/\/www.lastierrasdelrincon.org\/bitacora\/wp-json\/wp\/v2\/categories?post=574"},{"taxonomy":"post_tag","embeddable":true,"href":"http:\/\/www.lastierrasdelrincon.org\/bitacora\/wp-json\/wp\/v2\/tags?post=574"}],"curies":[{"name":"wp","href":"https:\/\/api.w.org\/{rel}","templated":true}]}}