{"id":432,"date":"2014-01-12T21:41:11","date_gmt":"2014-01-13T05:41:11","guid":{"rendered":"http:\/\/lastierrasdelrincon.org\/bitacora\/?p=432"},"modified":"2022-01-18T05:45:30","modified_gmt":"2022-01-18T05:45:30","slug":"lecturas-primer-semana-2014","status":"publish","type":"post","link":"http:\/\/www.lastierrasdelrincon.org\/bitacora\/2014\/01\/lecturas-primer-semana-2014\/","title":{"rendered":"Le\u00eddos la primera semana 2014"},"content":{"rendered":"\n<div class=\"wp-block-image\"><figure class=\"aligncenter is-resized\"><a href=\"http:\/\/lastierrasdelrincon.org\/bitacora\/wp-content\/uploads\/2014\/01\/medium_8434544997.jpg\"><img loading=\"lazy\" decoding=\"async\" src=\"http:\/\/lastierrasdelrincon.org\/bitacora\/wp-content\/uploads\/2014\/01\/medium_8434544997-300x168.jpg\" alt=\"Libros le\u00eddos la primera semana de 2014\" class=\"wp-image-433\" width=\"447\" height=\"247\"\/><\/a><figcaption>Libros le\u00eddos la primera semana de 2014<\/figcaption><\/figure><\/div>\n\n\n\n<p><del>Semanalmente<\/del>&nbsp;Mensualmente ir\u00e9 registrando los libros que he le\u00eddo, as\u00ed como los que est\u00e1n en proceso de lectura.<br>Este d\u00eda 12 doy cuenta de la primera semana de 2014 o m\u00e1s bien del per\u00edodo entre el 1 y el 10 de enero: dos libros de Novela Negra y el primer cap\u00edtulo del Quijote de la Mancha.<\/p>\n\n\n\n<p><strong>LE\u00cdDOS<\/strong><\/p>\n\n\n\n<p>&#8211; <strong><a title=\"1280 almas, Jim Thompson\" href=\"http:\/\/www.amazon.com\/1-280-almas-Spanish-Edition-Thompson-ebook\/dp\/B00GNF9DBI\/ref=sr_1_1?ie=UTF8&amp;qid=1389931643&amp;sr=8-1&amp;keywords=1280+almas+kindle\" target=\"_blank\" rel=\"noopener\">1280 almas<\/a>, de Jim Thompson<\/strong>.<br>&#8220;Yo s\u00f3lo soy un sheriff del sur&#8221; declara Nick Corey, un tipo en apariencia lerdo y vago que no soporta a su mujer ni a su cu\u00f1ado, cuya m\u00e1xima es que s\u00f3lo se detiene a un individuo cuando no hay m\u00e1s remedio, y eso siempre que sea un don nadie. Todos en Potts County -un lugar imaginario en la Am\u00e9rica profunda, con una poblaci\u00f3n de 1280 habitantes- est\u00e1n convencidos de su apat\u00eda y su simplicidad. Pero pronto el lector se dar\u00e1 cuenta de lo astuto que es Corey. Su deseo de ser reelegido para el cargo de sheriff hace que su comportamiento no tenga l\u00edmites ni conozca escr\u00fapulos. Poco a poco, la idea de deshacerse de todos aquellos que se interpongan en su camino va tomando cuerpo. El protagonista expone en primera persona los hechos sin inmutarse, pues en su paranoia llega a creerse elegido para limpiar de escoria el lugar.<\/p>\n\n\n\n<p><strong>&#8211; <a title=\"La lealtad de los delincuentes, Toni Soler\" href=\"http:\/\/www.amazon.com\/lealtad-delincuentes-Serie-Negra-Spanish-ebook\/dp\/B00BOV8J0M\/ref=sr_1_3?s=digital-text&amp;ie=UTF8&amp;qid=1389931730&amp;sr=1-3\" target=\"_blank\" rel=\"noopener\">La lealtad de los delincuentes<\/a>, <a title=\"Toni Soler, escritor\" href=\"http:\/\/tonisoler.net\/\" target=\"_blank\" rel=\"noopener\">Toni Soler<\/a>.<\/strong><br>Valencia como escenario y en plena crisis econ\u00f3mica, donde las costumbres de una generaci\u00f3n acomodada ya no se sostienen, Antonio Bataller, una pieza m\u00e1s de ese sistema en ruinas, pasa a formar parte de la fracci\u00f3n de la sociedad cada vez m\u00e1s extensa, afectada por el exceso de desocupaci\u00f3n y de ocio obligatorio. Con la \u00fanica perspectiva de dejar pasar el tiempo, a la espera de que la situaci\u00f3n se solucione por s\u00ed sola, este joven en paro, ex directivo de una empresa inmobiliaria, y acostumbrado a un ritmo de vida acelerado y exitoso, se ve envuelto en una investigaci\u00f3n policial por culpa de sus inseparables colegas de toda la vida. Entre drogas, sexo y enga\u00f1os buscar\u00e1 la manera de enderezar su situaci\u00f3n, en una lucha constante por tomar el camino correcto. Ser\u00e1n decisiones dif\u00edciles, inesperadas y que marcar\u00e1n un antes y un despu\u00e9s en su vida. El amor y la lealtad definir\u00e1n un punto de inflexi\u00f3n en el que nadie desear\u00eda encontrarse nunca. De la mano del protagonista, como si de una c\u00e1mara se tratase, pasaremos por la hiperrealista descripci\u00f3n de una sociedad actual, urbanita y cambiante en la que nacen los nuevos criminales, y descubriremos el impulso escondido que mueve a los personajes a cometer los delitos m\u00e1s miserables.<\/p>\n\n\n\n<p>&#8211; <strong>Don Quijote de la Mancha, Miguel de Cervantes Saavedra<\/strong>. Cap\u00edtulo 1.<br><strong>EN PROCESO:<\/strong><\/p>\n\n\n\n<ol class=\"wp-block-list\"><li><em>Sartoris, de William Faulkner<\/em>.<\/li><li><em>1222, de Anne Holt<\/em>.<\/li><\/ol>\n\n\n\n<p><em>Estas participaciones solamente incluir\u00e1n los datos generales de los libros, as\u00ed como su sinopsis<\/em>.<\/p>\n\n\n\n<p>Cr\u00e9dito por la imagen: <a href=\"http:\/\/www.flickr.com\/photos\/isonic\/8434544997\/\">Giulio Magnifico<\/a> via <a href=\"http:\/\/photopin.com\">photopin<\/a> <a href=\"http:\/\/creativecommons.org\/licenses\/by-nc-nd\/2.0\/\">cc<\/a><br><a href=\"http:\/\/creativecommons.org\/licenses\/by-nc-sa\/3.0\/deed.es_CO\" rel=\"license\"><img decoding=\"async\" style=\"border-width: 0;\" src=\"http:\/\/i.creativecommons.org\/l\/by-nc-sa\/3.0\/88x31.png\" alt=\"Licencia Creative Commons\"><\/a><br>Este obra de <a href=\"http:\/\/lastierrasdelrincon.org\/\" rel=\"cc:attributionURL\">http:\/\/lastierrasdelrincon.org\/<\/a> est\u00e1 bajo una <a href=\"http:\/\/creativecommons.org\/licenses\/by-nc-sa\/3.0\/deed.es_CO\" rel=\"license\">Licencia Creative Commons Atribuci\u00f3n-NoComercial-CompartirIgual 3.0 Unported<\/a>.<\/p>\n","protected":false},"excerpt":{"rendered":"<p>Semanalmente&nbsp;Mensualmente ir\u00e9 registrando los libros que he le\u00eddo, as\u00ed como los que est\u00e1n en proceso de lectura.Este d\u00eda 12 doy cuenta de la primera semana de 2014 o m\u00e1s bien del per\u00edodo entre el 1 y el 10 de enero: dos libros de Novela Negra y el primer cap\u00edtulo del Quijote de la Mancha. LE\u00cdDOS&hellip;<\/p>\n","protected":false},"author":2,"featured_media":0,"comment_status":"open","ping_status":"open","sticky":false,"template":"","format":"standard","meta":{"footnotes":""},"categories":[10],"tags":[32,36,40],"class_list":["post-432","post","type-post","status-publish","format-standard","hentry","category-libros","tag-libros-2","tag-novela-negra","tag-que-leer"],"jetpack_featured_media_url":"","_links":{"self":[{"href":"http:\/\/www.lastierrasdelrincon.org\/bitacora\/wp-json\/wp\/v2\/posts\/432","targetHints":{"allow":["GET"]}}],"collection":[{"href":"http:\/\/www.lastierrasdelrincon.org\/bitacora\/wp-json\/wp\/v2\/posts"}],"about":[{"href":"http:\/\/www.lastierrasdelrincon.org\/bitacora\/wp-json\/wp\/v2\/types\/post"}],"author":[{"embeddable":true,"href":"http:\/\/www.lastierrasdelrincon.org\/bitacora\/wp-json\/wp\/v2\/users\/2"}],"replies":[{"embeddable":true,"href":"http:\/\/www.lastierrasdelrincon.org\/bitacora\/wp-json\/wp\/v2\/comments?post=432"}],"version-history":[{"count":5,"href":"http:\/\/www.lastierrasdelrincon.org\/bitacora\/wp-json\/wp\/v2\/posts\/432\/revisions"}],"predecessor-version":[{"id":932,"href":"http:\/\/www.lastierrasdelrincon.org\/bitacora\/wp-json\/wp\/v2\/posts\/432\/revisions\/932"}],"wp:attachment":[{"href":"http:\/\/www.lastierrasdelrincon.org\/bitacora\/wp-json\/wp\/v2\/media?parent=432"}],"wp:term":[{"taxonomy":"category","embeddable":true,"href":"http:\/\/www.lastierrasdelrincon.org\/bitacora\/wp-json\/wp\/v2\/categories?post=432"},{"taxonomy":"post_tag","embeddable":true,"href":"http:\/\/www.lastierrasdelrincon.org\/bitacora\/wp-json\/wp\/v2\/tags?post=432"}],"curies":[{"name":"wp","href":"https:\/\/api.w.org\/{rel}","templated":true}]}}