{"id":386,"date":"2014-01-06T21:04:14","date_gmt":"2014-01-07T05:04:14","guid":{"rendered":"http:\/\/lastierrasdelrincon.org\/bitacora\/?p=386"},"modified":"2021-12-22T04:04:55","modified_gmt":"2021-12-22T04:04:55","slug":"leer-al-quijote","status":"publish","type":"post","link":"http:\/\/www.lastierrasdelrincon.org\/bitacora\/2014\/01\/leer-al-quijote\/","title":{"rendered":"Leer al Quijote"},"content":{"rendered":"\n<div class=\"wp-block-image\"><figure class=\"aligncenter\"><a href=\"http:\/\/lastierrasdelrincon.org\/bitacora\/wp-content\/uploads\/2014\/01\/quijote_portada.jpg\"><img decoding=\"async\" src=\"http:\/\/lastierrasdelrincon.org\/bitacora\/wp-content\/uploads\/2014\/01\/quijote_portada.jpg\" alt=\"Leer al Quijote este 2014\" class=\"wp-image-387\"\/><\/a><figcaption>Leer al Quijote este 2014<\/figcaption><\/figure><\/div>\n\n\n\n<p><br>\u00a0<br>Este a\u00f1o es bueno para leer de nuevo Don Quijote de la Mancha, de <a title=\"Miguel de Cervantes Saavedra\" rel=\"noopener\" href=\"http:\/\/es.wikipedia.org\/wiki\/Miguel_de_Cervantes\" target=\"_blank\">Miguel de Cervantes Saavedra<\/a>\u00a0y voy a aprovechar la convocatoria lanzada por Laky en su <a title=\"Leer al Quijote\" rel=\"noopener\" href=\"http:\/\/librosquehayqueleer-laky.blogspot.com.es\/2013\/12\/en-2014-leemos-el-quijote.html\" target=\"_blank\">blog &#8220;Libros que hay que leer<\/a>&#8220;. Hoy lunes inicio su lectura.<br>Por lo pronto yo me apunto ya que siempre es un buen momento de leer esta obra que ha sido\u00a0descrita como la primera novela moderna y una de las mejores obras de la literatura universal, adem\u00e1s de ser el libro m\u00e1s editado y traducido de la historia, s\u00f3lo superado por la Biblia.<\/p>\n\n\n\n<p>Las bases son simples. Para empezar, los 52 cap\u00edtulos se en las 52 semanas de a\u00f1o, \u00bff\u00e1cil, que no?. El calendario de lectura del <strong>primer trimestre<\/strong> \u00a0es el siguiente:<\/p>\n\n\n\n<ol class=\"wp-block-list\"><li>Del lunes 6 al 12 de enero, 1\u00ba cap\u00edtulo<\/li><li>Del 13 al 19: 2\u00ba cap\u00edtulo<\/li><li>Del 20 al 26: 3\u00ba cap\u00edtulo<\/li><li>Del 27 al 2 de febrero: 4\u00ba cap\u00edtulo<\/li><li>Del 3 al 9 de febrero: 5\u00ba cap\u00edtulo<\/li><li>Del 10 al 16 de febrero: 6\u00ba cap\u00edtulo<\/li><li>Del 17 al 23 de febrero: 7\u00ba cap\u00edtulo<\/li><li>Del 24 de febrero al 2 de marzo: 8\u00ba cap\u00edtulo<\/li><li>Del 3 al 9 de marzo: 9\u00ba cap\u00edtulo<\/li><li>Del 10 al 16 de marzo: 10\u00aa cap\u00edtulo<\/li><li>Del 17 al 23 de marzo: 11\u00ba cap\u00edtulo<\/li><li>Del 24 al 30 de marzo: 12\u00ba cap\u00edtulo<\/li><\/ol>\n\n\n\n<p>Claro, la idea de Laky es que la lectura sea comentada y compartida entre los muchos participantes para hacer m\u00e1s emotivo y agradable el evento. Si te interesan los detalles puedes visitar el sitio de &#8220;<a title=\"Libros que hay que leer\" rel=\"noopener\" href=\"http:\/\/librosquehayqueleer-laky.blogspot.com.es\/2013\/12\/en-2014-leemos-el-quijote.html\" target=\"_blank\">Libros que hay que leer<\/a>&#8221; (Twitter, #leemosQuijote).<\/p>\n\n\n\n<p>Por mi parte voy a seguir el calendario propuesto y quiz\u00e1s me anime a hacer algunos comentarios sobre El Quijote de la mancha aqu\u00ed en este blog. Ojal\u00e1 te animes a leer de nuevo- o por primera vez- a Cervantes en su mejor obra.<\/p>\n\n\n\n<p>Esta es la edici\u00f3n que voy a leer:<\/p>\n\n\n\n<blockquote class=\"wp-block-quote is-layout-flow wp-block-quote-is-layout-flow\"><p>Don Quijote de la Mancha &#8211; Miguel de Cervantes Saavedra, Edici\u00f3n del IV Centenario. Real academia Espa\u00f1ola, Asociaci\u00f3n de Academias de la Lengua Espa\u00f1ola. Alfaguara, 2004.<\/p><\/blockquote>\n\n\n\n<p><a href=\"http:\/\/creativecommons.org\/licenses\/by-nc-sa\/3.0\/deed.es_CO\" rel=\"license\"><img decoding=\"async\" style=\"border-width: 0;\" src=\"http:\/\/i.creativecommons.org\/l\/by-nc-sa\/3.0\/88x31.png\" alt=\"Licencia Creative Commons\"><\/a><br>Este obra de <a href=\"http:\/\/lastierrasdelrincon.org\/\" rel=\"cc:attributionURL\">http:\/\/lastierrasdelrincon.org\/<\/a> est\u00e1 bajo una <a href=\"http:\/\/creativecommons.org\/licenses\/by-nc-sa\/3.0\/deed.es_CO\" rel=\"license\">Licencia Creative Commons Atribuci\u00f3n-NoComercial-CompartirIgual 3.0 Unported<\/a>.<br>&nbsp;<\/p>\n","protected":false},"excerpt":{"rendered":"<p>\u00a0Este a\u00f1o es bueno para leer de nuevo Don Quijote de la Mancha, de Miguel de Cervantes Saavedra\u00a0y voy a aprovechar la convocatoria lanzada por Laky en su blog &#8220;Libros que hay que leer&#8220;. Hoy lunes inicio su lectura.Por lo pronto yo me apunto ya que siempre es un buen momento de leer esta obra&hellip;<\/p>\n","protected":false},"author":2,"featured_media":0,"comment_status":"open","ping_status":"open","sticky":false,"template":"","format":"standard","meta":{"footnotes":""},"categories":[6,10],"tags":[18,32,35,40],"class_list":["post-386","post","type-post","status-publish","format-standard","hentry","category-generales-2","category-libros","tag-clasicos","tag-libros-2","tag-novela-2","tag-que-leer"],"jetpack_featured_media_url":"","_links":{"self":[{"href":"http:\/\/www.lastierrasdelrincon.org\/bitacora\/wp-json\/wp\/v2\/posts\/386","targetHints":{"allow":["GET"]}}],"collection":[{"href":"http:\/\/www.lastierrasdelrincon.org\/bitacora\/wp-json\/wp\/v2\/posts"}],"about":[{"href":"http:\/\/www.lastierrasdelrincon.org\/bitacora\/wp-json\/wp\/v2\/types\/post"}],"author":[{"embeddable":true,"href":"http:\/\/www.lastierrasdelrincon.org\/bitacora\/wp-json\/wp\/v2\/users\/2"}],"replies":[{"embeddable":true,"href":"http:\/\/www.lastierrasdelrincon.org\/bitacora\/wp-json\/wp\/v2\/comments?post=386"}],"version-history":[{"count":2,"href":"http:\/\/www.lastierrasdelrincon.org\/bitacora\/wp-json\/wp\/v2\/posts\/386\/revisions"}],"predecessor-version":[{"id":859,"href":"http:\/\/www.lastierrasdelrincon.org\/bitacora\/wp-json\/wp\/v2\/posts\/386\/revisions\/859"}],"wp:attachment":[{"href":"http:\/\/www.lastierrasdelrincon.org\/bitacora\/wp-json\/wp\/v2\/media?parent=386"}],"wp:term":[{"taxonomy":"category","embeddable":true,"href":"http:\/\/www.lastierrasdelrincon.org\/bitacora\/wp-json\/wp\/v2\/categories?post=386"},{"taxonomy":"post_tag","embeddable":true,"href":"http:\/\/www.lastierrasdelrincon.org\/bitacora\/wp-json\/wp\/v2\/tags?post=386"}],"curies":[{"name":"wp","href":"https:\/\/api.w.org\/{rel}","templated":true}]}}