{"id":258,"date":"2013-07-16T04:47:27","date_gmt":"2013-07-16T04:47:27","guid":{"rendered":"http:\/\/lastierrasdelrincon.org\/bitacora\/?p=258"},"modified":"2022-01-18T05:51:14","modified_gmt":"2022-01-18T05:51:14","slug":"portland-y-mi-memoria-de-teflon","status":"publish","type":"post","link":"http:\/\/www.lastierrasdelrincon.org\/bitacora\/2013\/07\/portland-y-mi-memoria-de-teflon\/","title":{"rendered":"Portland y mi memoria de tefl\u00f3n"},"content":{"rendered":"\n<div class=\"wp-block-image\"><figure class=\"aligncenter\"><a href=\"http:\/\/lastierrasdelrincon.org\/bitacora\/wp-content\/uploads\/2013\/07\/DSC01499.jpg\"><img decoding=\"async\" src=\"http:\/\/lastierrasdelrincon.org\/bitacora\/wp-content\/uploads\/2013\/07\/DSC01499-300x225.jpg\" alt=\"Tocando harm\u00f3nica en el festival\" class=\"wp-image-259\"\/><\/a><figcaption>Tocando harm\u00f3nica en el Festival de Blues de Portland, Oregon.<\/figcaption><\/figure><\/div>\n\n\n\n<p>En algunos aspectos de mi vida mi memoria es muy selectiva o de poco alcance, para algunos efectos pr\u00e1cticos. &nbsp;De tefl\u00f3n, pues.<\/p>\n\n\n\n<p>Ver\u00e1n, me es muy dif\u00edcil, por ejemplo, recordar el nombre de las personas que reci\u00e9n conozco. En algunas ocasiones he pasado por situaciones embarazosas al confundir sus nombres o asignar algunos otros que nada tienen que ver con ellas. Y me ocurre con quienes tengo ya establecida alguna relaci\u00f3n de trabajo o cierta amistad.<br>Acordarme de las fechas tampoco es mi fuerte. No recuerdo la fecha de cuando hice ese viaje tan especial, cuando ocurri\u00f3 ese acontecimiento importante en mi trabajo o en mi vida personal, en que fecha conoc\u00ed a tal persona o cuando se vencen mis cuentas por pagar. Tambi\u00e9n olvido frecuentemente las fechas de citas o eventos a los que quiero asistir.<\/p>\n\n\n\n<p>Y lo de las fechas es quiz\u00e1s la parte m\u00e1s cr\u00edtica de mi desmemoria porque no recuerdo, por ejemplo, la fecha de nacimiento de mi madre, la de mi padre, la de mis otros parientes ni la de mis amigos cercanos. En verdad que los \u00fanicos aniversarios que recuerdo son los de mis hijos, de mis hermanas, de mis tres nietos y los de tres de mis grandes amigos.&nbsp; Y esto en s\u00ed mismo es una desgracia para un hombre de casi sesenta a\u00f1os de vida, porque en tantos a\u00f1os tengo la dicha de contar con mucha gente que realmente significa algo para m\u00ed pero de la cual olvido la fecha de sus cumplea\u00f1os.<\/p>\n\n\n\n<p>Otra de las manifestaciones de mi memoria de tefl\u00f3n es que algunas veces estando en mi casa, siento la urgente necesidad de hacer algo en un lugar diferente al que me encuentro. Por ejemplo, estoy en mi cuarto y necesito ir a la sala por ese libro en el que estoy seguro encontrar\u00e9 la referencia que necesito para algo que estoy haciendo. Me levanto, voy a la sala y \u00a1POW!, se me olvido cual era el objetivo de mi viaje. Tengo que recorrer mis pasos de regreso al punto de partida para que la memoria se reactive.<\/p>\n\n\n\n<!--more-->\n\n\n\n<p>Tambi\u00e9n en mis escritos me ataca la \u201cteflonitis\u201d. De primera intenci\u00f3n, algunos de mis personajes no tienen nombre, solo los distingo por las acciones que hacen. Esto dificulta mucho la creaci\u00f3n formal de su biograf\u00eda. No es lo mismo hablar de Juan Nepomuceno y a partir de este hombre construir sus caracter\u00edsticas principales, que hacerlo para &#8220;el que r\u00ede frunciendo la nariz y cree saberlo todo&#8221;.<\/p>\n\n\n\n<p>Por muchos a\u00f1os tener esta memoria tan poco privilegiada era algo que me hacia sentir bien conmigo mismo y diferente a los dem\u00e1s. En mis a\u00f1os de juventud temprana y arrogancia desmedida, cre\u00eda que esta parte de mi persona era porque los inteligentes como yo se preocupaban m\u00e1s por descubrir las leyes secretas que rigen el universo, y acordarse de un aniversario era para los pobres de esp\u00edritu. En mis treintas pensaba que mi cerebro era multi tasking y que ten\u00eda derecho a una que otra cosa se me olvidara. Actualmente mi entendimiento de esta memoria de tefl\u00f3n recorre el camino que va desde aceptarme con esta mente tan dispersa y distra\u00edda, hasta el miedo al Alzheimer.<\/p>\n\n\n\n<p>Esto lo traigo a cuenta porque recientemente estoy viviendo en el \u00e1rea de Portland. Y es mi prop\u00f3sito absorber todo lo que aqu\u00ed acontece y tener un mejor registro de ello. Quiero recordar fechas, nombres de lugares, de calles y barrios, nombres de festivales y de nombrar a las personas que conozca por su verdadero nombre.<\/p>\n\n\n\n<p>Y la forma de lograr un cierto \u00e9xito en mi prop\u00f3sito es escribir sobre ello. Para no olvidarlo. Para recordar lo m\u00e1s que pueda toda esta belleza que me rodea y estimula. Quiero ser testigo activo y dejar registro de que alguna vez esta ciudad, sus grandes \u00e1rboles, sus paseos desnudos en bicicleta, sus conciertos al aire libre y el aspecto hippie de sus habitantes, fue la ciudad donde viv\u00ed. Por eso voy a escribir al respecto.<\/p>\n\n\n\n<p>Ya estar\u00e9 compartiendo con ustedes este Portland, tal como lo ven mis ojos y mi coraz\u00f3n.<\/p>\n\n\n\n<p><a href=\"http:\/\/creativecommons.org\/licenses\/by-nc-sa\/3.0\/deed.es_CO\" rel=\"license\"><img decoding=\"async\" style=\"border-width: 0;\" src=\"http:\/\/i.creativecommons.org\/l\/by-nc-sa\/3.0\/88x31.png\" alt=\"Licencia Creative Commons\"><\/a><br>Este obra de <a href=\"http:\/\/lastierrasdelrincon.org\/\" rel=\"cc:attributionURL\">http:\/\/lastierrasdelrincon.org\/<\/a> est\u00e1 bajo una <a href=\"http:\/\/creativecommons.org\/licenses\/by-nc-sa\/3.0\/deed.es_CO\" rel=\"license\">Licencia Creative Commons Atribuci\u00f3n-NoComercial-CompartirIgual 3.0 Unported<\/a>.<\/p>\n","protected":false},"excerpt":{"rendered":"<p>En algunos aspectos de mi vida mi memoria es muy selectiva o de poco alcance, para algunos efectos pr\u00e1cticos. &nbsp;De tefl\u00f3n, pues. Ver\u00e1n, me es muy dif\u00edcil, por ejemplo, recordar el nombre de las personas que reci\u00e9n conozco. En algunas ocasiones he pasado por situaciones embarazosas al confundir sus nombres o asignar algunos otros que&hellip;<\/p>\n","protected":false},"author":2,"featured_media":0,"comment_status":"open","ping_status":"open","sticky":false,"template":"","format":"standard","meta":{"footnotes":""},"categories":[5,9],"tags":[38,44],"class_list":["post-258","post","type-post","status-publish","format-standard","hentry","category-escritos-2","category-portland","tag-portland","tag-textos-2"],"jetpack_featured_media_url":"","_links":{"self":[{"href":"http:\/\/www.lastierrasdelrincon.org\/bitacora\/wp-json\/wp\/v2\/posts\/258","targetHints":{"allow":["GET"]}}],"collection":[{"href":"http:\/\/www.lastierrasdelrincon.org\/bitacora\/wp-json\/wp\/v2\/posts"}],"about":[{"href":"http:\/\/www.lastierrasdelrincon.org\/bitacora\/wp-json\/wp\/v2\/types\/post"}],"author":[{"embeddable":true,"href":"http:\/\/www.lastierrasdelrincon.org\/bitacora\/wp-json\/wp\/v2\/users\/2"}],"replies":[{"embeddable":true,"href":"http:\/\/www.lastierrasdelrincon.org\/bitacora\/wp-json\/wp\/v2\/comments?post=258"}],"version-history":[{"count":2,"href":"http:\/\/www.lastierrasdelrincon.org\/bitacora\/wp-json\/wp\/v2\/posts\/258\/revisions"}],"predecessor-version":[{"id":937,"href":"http:\/\/www.lastierrasdelrincon.org\/bitacora\/wp-json\/wp\/v2\/posts\/258\/revisions\/937"}],"wp:attachment":[{"href":"http:\/\/www.lastierrasdelrincon.org\/bitacora\/wp-json\/wp\/v2\/media?parent=258"}],"wp:term":[{"taxonomy":"category","embeddable":true,"href":"http:\/\/www.lastierrasdelrincon.org\/bitacora\/wp-json\/wp\/v2\/categories?post=258"},{"taxonomy":"post_tag","embeddable":true,"href":"http:\/\/www.lastierrasdelrincon.org\/bitacora\/wp-json\/wp\/v2\/tags?post=258"}],"curies":[{"name":"wp","href":"https:\/\/api.w.org\/{rel}","templated":true}]}}