{"id":184,"date":"2013-04-01T07:40:57","date_gmt":"2013-04-01T14:40:57","guid":{"rendered":"http:\/\/lastierrasdelrincon.org\/bitacora\/?p=184"},"modified":"2022-01-18T05:54:04","modified_gmt":"2022-01-18T05:54:04","slug":"escritores-de-novela-negra-y-como-trabajan-rosa-ribas","status":"publish","type":"post","link":"http:\/\/www.lastierrasdelrincon.org\/bitacora\/2013\/04\/escritores-de-novela-negra-y-como-trabajan-rosa-ribas\/","title":{"rendered":"Escritores de novela negra y como trabajan &#8211; Rosa Ribas"},"content":{"rendered":"\n<figure class=\"wp-block-image alignnone\"><a href=\"http:\/\/lastierrasdelrincon.org\/bitacora\/wp-content\/uploads\/2013\/03\/260px-Rosa-ribas-2009-ffm-004.jpg\"><img decoding=\"async\" src=\"http:\/\/lastierrasdelrincon.org\/bitacora\/wp-content\/uploads\/2013\/03\/260px-Rosa-ribas-2009-ffm-004-235x300.jpg\" alt=\"Rosa Ribas - Escritora\" class=\"wp-image-225\"\/><\/a><figcaption>Rosa Ribas &#8211; Escritora<\/figcaption><\/figure>\n\n\n\n<p><br>\u00bfTe has preguntado cuales son los h\u00e1bitos de trabajo de tus escritores favoritos? \u00bfQue m\u00fasica escuchan cuando escriben, d\u00f3nde los hacen, cuantas horas pasan derramando palabras sobre el papel o la pantalla?<br>Esta serie de entrevistas dar\u00e1n respuesta a algunas simples preguntas que hice a algunos de los escritores de novela negra m\u00e1s importantes de este tiempo.<br>En este cuarta entrega tenemos el gusto de presentar a una mujer: Rosa Ribas, espa\u00f1ola radicada en Alemania, quien nos da a conocer algunos de sus h\u00e1bitos como escritora. Que lo disfrutes.<\/p>\n\n\n\n<ol class=\"wp-block-list\"><li><b>\u00bfPodr\u00edas presentarte y decirnos qu\u00e9 escribes?<\/b><\/li><\/ol>\n\n\n\n<p>Rosa Ribas, del Prat de Llobregat (Barcelona). Vivo en Alemania. Escribo novelas y relatos.<\/p>\n\n\n\n<ol class=\"wp-block-list\" start=\"2\"><li><b>\u00bfCu\u00e1ntas horas al d\u00eda escribes?<\/b><\/li><\/ol>\n\n\n\n<p>Todas las que puedo. Mi promedio ser\u00eda de cinco a seis horas.<\/p>\n\n\n\n<ol class=\"wp-block-list\" start=\"3\"><li><b>\u00bfA qu\u00e9 hora del d\u00eda prefieres hacerlo?<\/b><\/li><\/ol>\n\n\n\n<p>Por la ma\u00f1ana. Empiezo en una cafeter\u00eda del barrio porque necesito salir y moverme. Despu\u00e9s contin\u00fao en mi estudio.<\/p>\n\n\n\n<ol class=\"wp-block-list\" start=\"4\"><li><b>\u00bfTe fijas un l\u00edmite en palabras, o en tiempo? \u00bfO no hay l\u00edmite?<\/b><\/li><\/ol>\n\n\n\n<p>A veces me propongo hacerlo, pero a los pocos d\u00edas se me olvida. Normalmente escribo hasta que tengo la sensaci\u00f3n de que empiezo a perder la concentraci\u00f3n.<\/p>\n\n\n\n<ol class=\"wp-block-list\" start=\"5\"><li><b>\u00bfCu\u00e1ndo escribes escuchas m\u00fasica? De ser as\u00ed, \u00bfQu\u00e9 tipo de m\u00fasica?<\/b><\/li><\/ol>\n\n\n\n<p>Nunca.<\/p>\n\n\n\n<ol class=\"wp-block-list\" start=\"6\"><li><b>\u00bfQu\u00e9 tan seguido consultas Internet? \u00bfTienes per\u00edodos en los que te abandones totalmente al vac\u00edo de la Internet? \u00bfO te desconectas completamente de tu conexi\u00f3n a la red?<\/b><\/li><\/ol>\n\n\n\n<p>No tengo el ordenador en el mismo cuarto en el que escribo, as\u00ed que consultar la red me sirve para levantarme y estirar las piernas. Lo hago cuando necesito una informaci\u00f3n sin la cual no puedo seguir. Y a veces internet me <br>despista demasiado y eso es lo que me impide seguir.<\/p>\n\n\n\n<!--more-->\n\n\n\n<ol class=\"wp-block-list\" start=\"7\"><li><b>\u00bfEres T\u00e9cnico o Rudo? Se dice que los escritores pueden ser dos tipos: Rudos o T\u00e9cnico. Los Rudos escriben una historia r\u00e1pidamente, en completo desorden, caprichosamente, as\u00ed como sale. Despu\u00e9s, regresan a ella de nuevo, cuidadosamente, corrigiendo todo lo que es horrible o lo que simplemente no funciona. Los T\u00e9cnicos escriben una frase a la vez, fij\u00e1ndose que todo sea exacto y correcto antes de dejarla para iniciar con la siguiente. Cuando terminan, terminan. \u00bfEres alguno de ellos, o algo completamente diferente?<\/b><\/li><\/ol>\n\n\n\n<p>Dir\u00eda que soy una ruda muy t\u00e9cnica.<\/p>\n\n\n\n<ol class=\"wp-block-list\" start=\"8\"><li><b>\u00bfComes mientras escribes?<\/b><\/li><\/ol>\n\n\n\n<p>Mientras trabajo s\u00f3lo tomo agua y caf\u00e9. Si me sorprendo con la cabeza en el refrigerador, es que el d\u00eda no va bien.<\/p>\n\n\n\n<ol class=\"wp-block-list\" start=\"9\"><li><b>\u00bfQu\u00e9 tipo de bocadillos o bebidas prefieres?<\/b><\/li><\/ol>\n\n\n\n<p>Trabajando, s\u00f3lo agua y caf\u00e9.<\/p>\n\n\n\n<ol class=\"wp-block-list\" start=\"10\"><li><b>\u00bfCu\u00e1l es tu m\u00e1s grande herramienta para procrastinar? \u00bfO eres de esos tipos raros de escritores que nunca procrastinas?<\/b><\/li><\/ol>\n\n\n\n<p>Tratar de poner orden en mi escritorio o \u2013en ello puedo perder horas- en mi estudio.<\/p>\n\n\n\n<ol class=\"wp-block-list\" start=\"11\"><li><b>\u00bfC\u00f3mo se acomodan a tu horario de trabajo las personas (pareja \/hijos\/compa\u00f1ero de cuarto) que viven a tu alrededor? <\/b><\/li><\/ol>\n\n\n\n<p>Sin problemas. Tenemos dos estudios. Uno que s\u00f3lo uso yo y otro compartido, que es donde tengo el ordenador. En uno escribo las primeras versiones, siempre a mano. En el otro, como coment\u00e9 arriba, paso el texto al ordenador. Si mi marido est\u00e1 tambi\u00e9n trabajando all\u00ed, me gusta compartir el espacio. Me motiva ver trabajar a otras personas.<\/p>\n\n\n\n<ol class=\"wp-block-list\" start=\"12\"><li><b>\u00bfEst\u00e1s muy atado emocionalmente al lugar en que te has acostumbrado a escribir? \u00bfo puedes cambiar sin ning\u00fan problema de espacio?<\/b><\/li><\/ol>\n\n\n\n<p>Mi lugar favorito es mi estudio, pero puedo trabajar en cualquier lugar mientras tenga suficiente espacio. Me gusta mucho trabajar en los caf\u00e9s, pero no en aquellos donde la m\u00fasica est\u00e1 demasiado fuerte. O si tengo alguien cerca que mastica o sorbe ruidosamente. Entonces huyo.<\/p>\n\n\n\n<ol class=\"wp-block-list\" start=\"13\"><li><b>\u00bfQu\u00e9 tipo de hardware usas?<\/b><\/li><\/ol>\n\n\n\n<p>El convencional.<\/p>\n\n\n\n<ol class=\"wp-block-list\" start=\"14\"><li><b>\u00bfQu\u00e9 tipo de software usas?<\/b><\/li><\/ol>\n\n\n\n<p>Escribo a mano y a l\u00e1piz. Despu\u00e9s paso el texto al ordenador. Uso Word<\/p>\n\n\n\n<ol class=\"wp-block-list\" start=\"15\"><li><b>\u00bfQu\u00e9 cambiar\u00edas de la forma en que escribes ahora?<\/b><\/li><\/ol>\n\n\n\n<p>No lo s\u00e9. S\u00f3lo deseo que la siguiente novela sea siempre mejor.<br><\/p>\n\n\n\n<blockquote class=\"wp-block-quote is-layout-flow wp-block-quote-is-layout-flow\"><p>NOTA:<br>Seg\u00fan Kurt Vonnegut estos dos tipos son\u00a0<b>Swooper y Basher\u00a0<\/b>(Rudo y T\u00e9cnico, seg\u00fan mi libre traducci\u00f3n). A falta en mi arsenal de un significado mejor para estos t\u00e9rminos, acudo al deporte de la Lucha Libre que en M\u00e9xico los entiende de la siguiente manera.<br><b>Los rudos<\/b>\u00a0son aquellos luchadores que no dudan en utilizar cualquier tipo de artima\u00f1as o trampas para lograr sus objetivos. Son tambi\u00e9n conocidos como sucios.<br><b>Los t\u00e9cnicos<\/b>\u00a0 no utilizan trampas ni maniobras ilegales en sus combates, obtienen la victoria en sus combates de manera limpia. Son tambi\u00e9n conocidos como honestos.<\/p><\/blockquote>\n\n\n\n<p><em><a title=\"Rosa Ribas. Sitio web.\" href=\"http:\/\/www.rosa-ribas.com\/index.htm\"><strong>Rosa Ribas Molin\u00e9<\/strong><\/a>\u00a0naci\u00f3 en 1963 en El Prat de Llobregat, Barcelona. Estudi\u00f3 Filolog\u00eda Hisp\u00e1nica en la Universidad de Barcelona, en la que se doctor\u00f3 con una tesis sobre los viajeros alemanes a Am\u00e9rica en los siglos XVI y XVII, publicada en el a\u00f1o 2005.<br>Desde 1991 reside en Alemania, en Fr\u00e1ncfort del Meno.<br><a title=\"Libros. Rosas Ribas.\" href=\"http:\/\/www.rosa-ribas.com\/obras.htm\"><i>El pintor de Flandes<\/i><\/a>. Novela hist\u00f3rica. (Barcelona, Roca 2006). Edici\u00f3n de bolsillo en Puzzle Ediciones 2007. &#8212;\u00a0<a title=\"Libros. Rosa Ribas.\" href=\"http:\/\/www.rosa-ribas.com\/obras.htm\"><i>Entre dos aguas<\/i><\/a>. Novela polic\u00edaca. (Barcelona, Umbriel 2007). Edici\u00f3n en catal\u00e1n en Editorial Entramat. Traducida al alem\u00e1n con el t\u00edtulo\u00a0<i>Kalter Main<\/i>\u00a0(Suhrkamp, Frankfurt 2009). &#8212;\u00a0<i>Con anuncio<\/i>. Novela polic\u00edaca. (Barcelona, Editorial Viceversa 2009). Traducida al alem\u00e1n con el t\u00edtulo\u00a0<i>T\u00f6dliche Kampagne<\/i>(Suhrkamp, Frankfurt 2010). &#8212;\u00a0<a title=\"Libros. Rosa Ribas.\" href=\"http:\/\/www.rosa-ribas.com\/obras.htm\"><i>La detective miope<\/i><\/a>. (Barcelona, Editorial Viceversa 2010). &#8212;\u00a0<a title=\"Libros. Rosa Ribas.\" href=\"http:\/\/www.rosa-ribas.com\/obras.htm\"><i>En ca\u00edda libre<\/i><\/a>. (Barcelona, Editorial Viceversa 2011). Traducida al alem\u00e1n con el t\u00edtulo\u00a0<i>Falsche Freundin<\/i>\u00a0(Suhrkamp, Berl\u00edn 2011). &#8212;\u00a0<a title=\"Miss Fifty\" href=\"http:\/\/www.sigueleyendo.es\/products-page\/ficcion\/miss-fifty\/\"><i>Miss Fifty<\/i><\/a>. (Barcelona, Sigueleyendo 2012). &#8212;\u00a0<a title=\"Don de lenguas\" rel=\"noopener\" href=\"http:\/\/www.amazon.com\/lenguas-Nuevos-Tiempos-Spanish-ebook\/dp\/B00BSTXCBQ\/ref=sr_1_11?s=books&amp;ie=UTF8&amp;qid=1364801903&amp;sr=1-11&amp;keywords=rosa+ribas\" target=\"_blank\"><i>Don de lenguas<\/i><\/a>. (Madrid, Siruela 2013). Novela escrita a cuatro manos con Sabine Hofmann.<\/em><\/p>\n\n\n\n<figure class=\"wp-block-gallery columns-3 is-cropped wp-block-gallery-1 is-layout-flex wp-block-gallery-is-layout-flex\"><ul class=\"blocks-gallery-grid\"><li class=\"blocks-gallery-item\"><figure><img data-id=\"229\" class=\"wp-image-229\"\/><\/figure><\/li><li class=\"blocks-gallery-item\"><figure><img data-id=\"228\" class=\"wp-image-228\"\/><\/figure><\/li><li class=\"blocks-gallery-item\"><figure><img data-id=\"227\" class=\"wp-image-227\"\/><\/figure><\/li><\/ul><\/figure>\n\n\n\n<p><br>&nbsp;<br><a href=\"http:\/\/creativecommons.org\/licenses\/by-nc-sa\/3.0\/deed.es_CO\" rel=\"license\"><img decoding=\"async\" style=\"border-width: 0;\" src=\"http:\/\/i.creativecommons.org\/l\/by-nc-sa\/3.0\/88x31.png\" alt=\"Licencia Creative Commons\"><\/a><br>Este obra de <a href=\"http:\/\/lastierrasdelrincon.org\/\" rel=\"cc:attributionURL\">http:\/\/lastierrasdelrincon.org\/<\/a> est\u00e1 bajo una <a href=\"http:\/\/creativecommons.org\/licenses\/by-nc-sa\/3.0\/deed.es_CO\" rel=\"license\">Licencia Creative Commons Atribuci\u00f3n-NoComercial-CompartirIgual 3.0 Unported<\/a>.<\/p>\n","protected":false},"excerpt":{"rendered":"<p>\u00bfTe has preguntado cuales son los h\u00e1bitos de trabajo de tus escritores favoritos? \u00bfQue m\u00fasica escuchan cuando escriben, d\u00f3nde los hacen, cuantas horas pasan derramando palabras sobre el papel o la pantalla?Esta serie de entrevistas dar\u00e1n respuesta a algunas simples preguntas que hice a algunos de los escritores de novela negra m\u00e1s importantes de este&hellip;<\/p>\n","protected":false},"author":2,"featured_media":0,"comment_status":"open","ping_status":"open","sticky":false,"template":"","format":"standard","meta":{"footnotes":""},"categories":[3,4],"tags":[25,34,36],"class_list":["post-184","post","type-post","status-publish","format-standard","hentry","category-entrevistas","category-escritores","tag-escritores-novela-negra","tag-negra-y-criminal","tag-novela-negra"],"jetpack_featured_media_url":"","_links":{"self":[{"href":"http:\/\/www.lastierrasdelrincon.org\/bitacora\/wp-json\/wp\/v2\/posts\/184","targetHints":{"allow":["GET"]}}],"collection":[{"href":"http:\/\/www.lastierrasdelrincon.org\/bitacora\/wp-json\/wp\/v2\/posts"}],"about":[{"href":"http:\/\/www.lastierrasdelrincon.org\/bitacora\/wp-json\/wp\/v2\/types\/post"}],"author":[{"embeddable":true,"href":"http:\/\/www.lastierrasdelrincon.org\/bitacora\/wp-json\/wp\/v2\/users\/2"}],"replies":[{"embeddable":true,"href":"http:\/\/www.lastierrasdelrincon.org\/bitacora\/wp-json\/wp\/v2\/comments?post=184"}],"version-history":[{"count":3,"href":"http:\/\/www.lastierrasdelrincon.org\/bitacora\/wp-json\/wp\/v2\/posts\/184\/revisions"}],"predecessor-version":[{"id":940,"href":"http:\/\/www.lastierrasdelrincon.org\/bitacora\/wp-json\/wp\/v2\/posts\/184\/revisions\/940"}],"wp:attachment":[{"href":"http:\/\/www.lastierrasdelrincon.org\/bitacora\/wp-json\/wp\/v2\/media?parent=184"}],"wp:term":[{"taxonomy":"category","embeddable":true,"href":"http:\/\/www.lastierrasdelrincon.org\/bitacora\/wp-json\/wp\/v2\/categories?post=184"},{"taxonomy":"post_tag","embeddable":true,"href":"http:\/\/www.lastierrasdelrincon.org\/bitacora\/wp-json\/wp\/v2\/tags?post=184"}],"curies":[{"name":"wp","href":"https:\/\/api.w.org\/{rel}","templated":true}]}}