{"id":179,"date":"2013-03-28T04:34:12","date_gmt":"2013-03-28T04:34:12","guid":{"rendered":"http:\/\/lastierrasdelrincon.org\/bitacora\/?p=179"},"modified":"2021-12-17T05:36:29","modified_gmt":"2021-12-17T05:36:29","slug":"los-perros-nocturnos","status":"publish","type":"post","link":"http:\/\/www.lastierrasdelrincon.org\/bitacora\/2013\/03\/los-perros-nocturnos\/","title":{"rendered":"Los perros nocturnos"},"content":{"rendered":"\n<div class=\"wp-block-image\"><figure class=\"aligncenter size-full\"><img loading=\"lazy\" decoding=\"async\" width=\"480\" height=\"360\" src=\"http:\/\/www.lastierrasdelrincon.org\/bitacora\/wp-content\/uploads\/2021\/12\/mama.jpg\" alt=\"\" class=\"wp-image-824\" srcset=\"http:\/\/www.lastierrasdelrincon.org\/bitacora\/wp-content\/uploads\/2021\/12\/mama.jpg 480w, http:\/\/www.lastierrasdelrincon.org\/bitacora\/wp-content\/uploads\/2021\/12\/mama-300x225.jpg 300w\" sizes=\"auto, (max-width: 480px) 100vw, 480px\" \/><\/figure><\/div>\n\n\n\n<p><br>Lo de menos es levantarme temprano, aunque sea domingo. El problema son las corrientes que vienen desde Alaska pues pareciera que hacen su traves\u00eda con una hielera como \u00fanico equipaje. Y este pinche fr\u00edo de invierno.<br>A\u00fan esta obscuro cuando tomamos la carretera rumbo a San Miguel. En el carro las ventanillas cerradas, el humo del tabaco y los cinco cuerpos viajeros dan calor. Bueno y la mota que trajo Mauro tambi\u00e9n ayuda, que caray.<\/p>\n\n\n\n<p>Mi boca seca se humedece con el jugo de naranja. La risa hace que salpique la ventanilla. Lo amarillo del l\u00edquido escurriendo y sus extra\u00f1as formas prolongan mis carcajadas y contagian a mis compa\u00f1eros.<\/p>\n\n\n\n<p>Paramos en la caseta los segundos que tarda el guardia en reconocernos. Se que traigo el traje de ba\u00f1o bajo la ropa. La tabla encerada, la toalla lista, y la ilusi\u00f3n de ver a Annette muy presente en m\u00ed.<\/p>\n\n\n\n<p>Escogemos el \u00e1rea empedrada frente a la casa m\u00f3vil del cerco blanco. Cuando abro la puerta el viento pega en mi cara y se cuela entre mis ropas. El metal del carro, h\u00famedo y fr\u00edo. Tiro el recipiente de mi jugo. Bajo la tabla de las racas.<\/p>\n\n\n\n<p>Cien metros a la playa. No es mucho y voy platicando. Luis va muy adelante y con movimientos de sus brazos nos avisa que las olas est\u00e1n grandes. Apuramos el paso para alcanzar a ver, saboreando ya la sensaci\u00f3n de deslizarnos por esas masas de agua marina. El peso de mi tabla hace m\u00e1s palpable los c\u00famulos de cera en su superficie.<br>A\u00fan no son las seis de la ma\u00f1ana. Pensar en lo helado del agua me hace temblar anticipadamente. De una de las casas se escucha&nbsp;<em>Mama Told Me Not To Come<\/em>. <strong>Three Dog Night<\/strong>, dice Mauro mientras sigue la melod\u00eda. Me acuerdo que tambi\u00e9n a Rosita Alvirez su madre se lo dec\u00eda. Me r\u00edo. Mauro no sabe porqu\u00e9.&nbsp;Pinche fr\u00edo.<\/p>\n\n\n\n<p>A las diez, ya con el sol en el cielo, ella vendr\u00e1 y sus pies delgados sentir\u00e1n la humedad de mi tabla. La cintilla en su cabello lacio y rubio har\u00e1n del fr\u00edo un recuerdo diluido en mi memoria.<\/p>\n\n\n\n<p>Tan tenue como la nebulosa imagen que muchos a\u00f1os despu\u00e9s sigo guardando de aquellas serpenteantes l\u00edneas amarillas que mancharon el vidrio un d\u00eda de invierno en la ma\u00f1ana.<\/p>\n\n\n\n<blockquote class=\"wp-block-quote is-layout-flow wp-block-quote-is-layout-flow\"><p>&nbsp;DICCIONARIO:<br>Mota &#8211; cannabis.<br>Racas &#8211; Bastidores montados en autom\u00f3vil para transportar surfboard.<\/p><\/blockquote>\n\n\n\n<p>&nbsp;<br><a href=\"http:\/\/creativecommons.org\/licenses\/by-nc-sa\/3.0\/deed.es_CO\" rel=\"license\"><img decoding=\"async\" style=\"border-width: 0;\" src=\"http:\/\/i.creativecommons.org\/l\/by-nc-sa\/3.0\/88x31.png\" alt=\"Licencia Creative Commons\"><\/a><br>Este obra de <a href=\"http:\/\/lastierrasdelrincon.org\/\" rel=\"cc:attributionURL\">http:\/\/lastierrasdelrincon.org\/<\/a> est\u00e1 bajo una <a href=\"http:\/\/creativecommons.org\/licenses\/by-nc-sa\/3.0\/deed.es_CO\" rel=\"license\">Licencia Creative Commons Atribuci\u00f3n-NoComercial-CompartirIgual 3.0 Unported<\/a>.<\/p>\n","protected":false},"excerpt":{"rendered":"<p>Lo de menos es levantarme temprano, aunque sea domingo. El problema son las corrientes que vienen desde Alaska pues pareciera que hacen su traves\u00eda con una hielera como \u00fanico equipaje. Y este pinche fr\u00edo de invierno.A\u00fan esta obscuro cuando tomamos la carretera rumbo a San Miguel. En el carro las ventanillas cerradas, el humo del&hellip;<\/p>\n","protected":false},"author":2,"featured_media":0,"comment_status":"open","ping_status":"open","sticky":false,"template":"","format":"standard","meta":{"footnotes":""},"categories":[5],"tags":[24,41],"class_list":["post-179","post","type-post","status-publish","format-standard","hentry","category-escritos-2","tag-ensenada","tag-relatos"],"jetpack_featured_media_url":"","_links":{"self":[{"href":"http:\/\/www.lastierrasdelrincon.org\/bitacora\/wp-json\/wp\/v2\/posts\/179","targetHints":{"allow":["GET"]}}],"collection":[{"href":"http:\/\/www.lastierrasdelrincon.org\/bitacora\/wp-json\/wp\/v2\/posts"}],"about":[{"href":"http:\/\/www.lastierrasdelrincon.org\/bitacora\/wp-json\/wp\/v2\/types\/post"}],"author":[{"embeddable":true,"href":"http:\/\/www.lastierrasdelrincon.org\/bitacora\/wp-json\/wp\/v2\/users\/2"}],"replies":[{"embeddable":true,"href":"http:\/\/www.lastierrasdelrincon.org\/bitacora\/wp-json\/wp\/v2\/comments?post=179"}],"version-history":[{"count":3,"href":"http:\/\/www.lastierrasdelrincon.org\/bitacora\/wp-json\/wp\/v2\/posts\/179\/revisions"}],"predecessor-version":[{"id":825,"href":"http:\/\/www.lastierrasdelrincon.org\/bitacora\/wp-json\/wp\/v2\/posts\/179\/revisions\/825"}],"wp:attachment":[{"href":"http:\/\/www.lastierrasdelrincon.org\/bitacora\/wp-json\/wp\/v2\/media?parent=179"}],"wp:term":[{"taxonomy":"category","embeddable":true,"href":"http:\/\/www.lastierrasdelrincon.org\/bitacora\/wp-json\/wp\/v2\/categories?post=179"},{"taxonomy":"post_tag","embeddable":true,"href":"http:\/\/www.lastierrasdelrincon.org\/bitacora\/wp-json\/wp\/v2\/tags?post=179"}],"curies":[{"name":"wp","href":"https:\/\/api.w.org\/{rel}","templated":true}]}}