{"id":168,"date":"2013-03-24T05:07:54","date_gmt":"2013-03-24T12:07:54","guid":{"rendered":"http:\/\/lastierrasdelrincon.org\/bitacora\/?p=168"},"modified":"2022-01-18T05:55:18","modified_gmt":"2022-01-18T05:55:18","slug":"escritores-de-novela-negra-y-como-trabajan-elmer-mendoza","status":"publish","type":"post","link":"http:\/\/www.lastierrasdelrincon.org\/bitacora\/2013\/03\/escritores-de-novela-negra-y-como-trabajan-elmer-mendoza\/","title":{"rendered":"Escritores de novela negra y como trabajan &#8211; Elmer Mendoza"},"content":{"rendered":"\n<p>&nbsp;<br>\u00bfTe has preguntado cuales son los h\u00e1bitos de trabajo de tus escritores favoritos? \u00bfQue m\u00fasica escuchan cuando escriben, d\u00f3nde los hacen, cuantas horas pasan derramando palabras sobre el papel o la pantalla?<\/p>\n\n\n\n<p>Esta serie de entrevistas dar\u00e1n respuesta a algunas simples preguntas que hice a algunos de los escritores de novela negra m\u00e1s importantes de este tiempo.<\/p>\n\n\n\n<p>En este tercera entrega Elmer Mendoza, Sinaloense, nos da a conocer algunos de sus h\u00e1bitos como escritor. Que lo disfrutes.<\/p>\n\n\n\n<figure class=\"wp-block-image alignnone\"><a href=\"http:\/\/lastierrasdelrincon.org\/bitacora\/wp-content\/uploads\/2013\/03\/elmer_mendoza_med_1_med.jpg\"><img decoding=\"async\" src=\"http:\/\/lastierrasdelrincon.org\/bitacora\/wp-content\/uploads\/2013\/03\/elmer_mendoza_med_1_med-210x300.jpg\" alt=\"Elmer Mendoza - escritor\" class=\"wp-image-169\"\/><\/a><figcaption>Elmer Mendoza &#8211; escritor<\/figcaption><\/figure>\n\n\n\n<ul class=\"wp-block-list\"><li><strong>\u00bfPodr\u00edas presentarte y decirnos que escribes?<\/strong><\/li><\/ul>\n\n\n\n<p>\u00c9lmer Mendoza. Novelista.<\/p>\n\n\n\n<ul class=\"wp-block-list\"><li><strong>\u00bfCu\u00e1ntas horas al d\u00eda escribes?<\/strong><\/li><\/ul>\n\n\n\n<p>Quiz\u00e1 seis.<\/p>\n\n\n\n<ul class=\"wp-block-list\"><li><strong>\u00bfA qu\u00e9 hora del d\u00eda prefieres hacerlo?<\/strong><\/li><\/ul>\n\n\n\n<p>Antes del amanecer.<\/p>\n\n\n\n<ul class=\"wp-block-list\"><li><strong>\u00bfTe fijas un l\u00edmite en palabras, o en tiempo? \u00bfo no hay l\u00edmite?<\/strong><\/li><\/ul>\n\n\n\n<p>No, pero no pierdo el referente de las cincuenta mil palabras.<\/p>\n\n\n\n<ul class=\"wp-block-list\"><li><strong>\u00bfCu\u00e1ndo escribes escuchas m\u00fasica? de ser as\u00ed, \u00bfqu\u00e9 tipo de m\u00fasica?<\/strong><\/li><\/ul>\n\n\n\n<p>No<\/p>\n\n\n\n<ul class=\"wp-block-list\"><li><strong>\u00bfQu\u00e9 tan seguido consultas Internet? \u00bftienes per\u00edodos en los que te abandones totalmente al vac\u00edo de la Internet? \u00bfO te desconectas completamente de tu conexi\u00f3n a la red?<\/strong><\/li><\/ul>\n\n\n\n<p>Si necesito informaci\u00f3n de internet acudo cuando la requiero; es m\u00e1s o menos frecuente. No me abandono a nada. Tampoco me desconecto; es una herramienta y as\u00ed la utilizo.<\/p>\n\n\n\n<!--more-->\n\n\n\n<ul class=\"wp-block-list\"><li><strong>\u00bfEres T\u00e9cnico o Rudo? Se dice que los escritores pueden ser dos tipos: Rudos o T\u00e9cnico. Los Rudos escriben una historia r\u00e1pidamente, en completo desorden, caprichosamente, as\u00ed como sale. Despu\u00e9s, regresan a ella de nuevo, cuidadosamente, corrigiendo todo lo que es horrible o lo que simplemente no funciona. Los T\u00e9cnicos escriben una frase a la vez, fij\u00e1ndose que todo sea exacto y correcto antes de dejarla para iniciar con la siguiente. Cuando terminan, terminan. \u00bfEres alguno de ellos, o algo completamente diferente?<\/strong><\/li><\/ul>\n\n\n\n<p>Soy Rudo.<\/p>\n\n\n\n<ul class=\"wp-block-list\"><li><strong>\u00bfComes mientras escribes?<\/strong><\/li><\/ul>\n\n\n\n<p>A veces, algo de entre comidas.<\/p>\n\n\n\n<ul class=\"wp-block-list\"><li><strong>\u00bfQu\u00e9 tipo de bocadillos o bebidas prefieres?<\/strong><\/li><\/ul>\n\n\n\n<p>Queso y pan. T\u00e9 verde, caf\u00e9, vino tinto y whiskey. Todas las frutas.<\/p>\n\n\n\n<ul class=\"wp-block-list\"><li><strong>\u00bfComo se acomodan a tu horario de trabajo las personas (pareja \/hijos\/compa\u00f1ero de cuarto) que viven a tu alrededor?<\/strong><\/li><\/ul>\n\n\n\n<p>Bien. Tengo un estudio que respeta mi esposa Leonor.<\/p>\n\n\n\n<ul class=\"wp-block-list\"><li><strong>\u00bfEst\u00e1s muy atado emocionalmente al lugar en que te has acostumbrado a escribir? \u00bfo puedes cambiar sin ning\u00fan problema de espacio?<\/strong><\/li><\/ul>\n\n\n\n<p>Cambio constantemente. Te esto respondiendo en Monterrey, recostado en la cama, antes de ir a cenar.<\/p>\n\n\n\n<ul class=\"wp-block-list\"><li><strong>\u00bfQu\u00e9 tipo de hardware usas?<\/strong><\/li><\/ul>\n\n\n\n<p>Lap Top, libreta y pluma.<\/p>\n\n\n\n<ul class=\"wp-block-list\"><li><strong>\u00bfQu\u00e9 tipo de software usas?<\/strong><\/li><\/ul>\n\n\n\n<p>Word <em>(MS WORD)<\/em>.<\/p>\n\n\n\n<ul class=\"wp-block-list\"><li><strong>\u00bfQu\u00e9 cambiar\u00edas de la forma en que escribes ahora?<\/strong><\/li><\/ul>\n\n\n\n<p>No s\u00e9, nunca es una decisi\u00f3n meditada. Surge en el momento y hay que elegir.<br><\/p>\n\n\n\n<blockquote class=\"wp-block-quote is-layout-flow wp-block-quote-is-layout-flow\"><p>NOTA:<br>Seg\u00fan <strong>Kurt Vonnegut<\/strong> estos dos tipos son <strong>Swooper<\/strong> y <strong>Basher<\/strong> (Rudo y T\u00e9cnico, seg\u00fan mi libre traducci\u00f3n). A falta en mi arsenal de un significado mejor para estos t\u00e9rminos, acudo al deporte de la Lucha Libre que en M\u00e9xico los entiende de la siguiente manera.<br><strong>Los rudos<\/strong> son aquellos luchadores que no dudan en utilizar cualquier tipo de artima\u00f1as o trampas para lograr sus objetivos. Son tambi\u00e9n conocidos como sucios.<br><strong>Los t\u00e9cnicos<\/strong> no utilizan trampas ni maniobras ilegales en sus combates, obtienen la victoria en sus combates de manera limpia. Son tambi\u00e9n conocidos como honestos.<\/p><\/blockquote>\n\n\n\n<p><em><b>\u00c9lmer Mendoza<\/b>,\u00a0nacido en Culiac\u00e1n Sinaloa es un escritor\u00a0mexicano, representante de la llamada\u00a0<i>narcoliteratura.\u00a0<\/i>Dramaturgo y cuentista, es conocido ante todo por sus\u00a0novelas negras. Algunas de ellas tienen como protagonista al detective Edgar\u00a0<i>el zurdo<\/i>\u00a0Mendieta.<br>Premio Nacional de Literatura Jos\u00e9 Fuentes Mares\u00a02002 por\u00a0<i>El amante de Janis Joplin.\u00a0<\/i>Finalista del Premio Dashiell Hammett 2005 con\u00a0<i>Efecto tequila.\u00a0<\/i>Premio Tusquets de Novela\u00a02007 por\u00a0<i>Balas de plata<\/i><br><i>El amante de Janis Joplin<\/i>, novela, Tusquets, 2001;\u00a0<a title=\"Efecto Tequila\" href=\"http:\/\/www.amazon.com\/Efecto-Tequila-MENDOZA-ELMER\/dp\/6074212139\/ref=la_B001JWP6A2_1_2?s=books&amp;ie=UTF8&amp;qid=1364101151&amp;sr=1-2\"><i>Efecto tequila<\/i><\/a>, novela, Tusquets, 2004;\u00a0<i>C\u00f3braselo caro<\/i>, novela, Tusquets, 2005;\u00a0<a title=\"Balas de plata\" href=\"http:\/\/www.amazon.com\/Balas-Fabula-Tusquets-Editores-Spanish\/dp\/8483833085\/ref=la_B001JWP6A2_1_1?s=books&amp;ie=UTF8&amp;qid=1364101151&amp;sr=1-1\"><i>Balas de plata<\/i><\/a>, novela, Tusquets, 2008;\u00a0<i>Firmado con un kl\u00ednex<\/i>, 13 cuentos, Tusquets, 2009;\u00a0<a title=\"La prueba del \u00e1cido\" href=\"http:\/\/www.amazon.com\/prueba-Andanzas-Adventures-Spanish-Edition\/dp\/8483833476\/ref=rec_dp_0\"><i>La prueba del \u00e1cido<\/i><\/a>, novela, Tusquets, 2010.<\/em><\/p>\n\n\n\n<figure class=\"wp-block-gallery columns-3 is-cropped wp-block-gallery-1 is-layout-flex wp-block-gallery-is-layout-flex\"><ul class=\"blocks-gallery-grid\"><li class=\"blocks-gallery-item\"><figure><img data-id=\"170\" class=\"wp-image-170\"\/><\/figure><\/li><li class=\"blocks-gallery-item\"><figure><img data-id=\"171\" class=\"wp-image-171\"\/><\/figure><\/li><li class=\"blocks-gallery-item\"><figure><img data-id=\"172\" class=\"wp-image-172\"\/><\/figure><\/li><\/ul><\/figure>\n\n\n\n<p><br><a href=\"http:\/\/creativecommons.org\/licenses\/by-nc-sa\/3.0\/deed.es_CO\" rel=\"license\"><img decoding=\"async\" style=\"border-width: 0;\" src=\"http:\/\/i.creativecommons.org\/l\/by-nc-sa\/3.0\/88x31.png\" alt=\"Licencia Creative Commons\"><\/a><br>Este obra de <a href=\"http:\/\/lastierrasdelrincon.org\/\" rel=\"cc:attributionURL\">http:\/\/lastierrasdelrincon.org\/<\/a> est\u00e1 bajo una <a href=\"http:\/\/creativecommons.org\/licenses\/by-nc-sa\/3.0\/deed.es_CO\" rel=\"license\">Licencia Creative Commons Atribuci\u00f3n-NoComercial-CompartirIgual 3.0 Unported<\/a>.<\/p>\n","protected":false},"excerpt":{"rendered":"<p>&nbsp;\u00bfTe has preguntado cuales son los h\u00e1bitos de trabajo de tus escritores favoritos? \u00bfQue m\u00fasica escuchan cuando escriben, d\u00f3nde los hacen, cuantas horas pasan derramando palabras sobre el papel o la pantalla? Esta serie de entrevistas dar\u00e1n respuesta a algunas simples preguntas que hice a algunos de los escritores de novela negra m\u00e1s importantes de&hellip;<\/p>\n","protected":false},"author":2,"featured_media":0,"comment_status":"open","ping_status":"open","sticky":false,"template":"","format":"standard","meta":{"footnotes":""},"categories":[3,4],"tags":[25,34,36],"class_list":["post-168","post","type-post","status-publish","format-standard","hentry","category-entrevistas","category-escritores","tag-escritores-novela-negra","tag-negra-y-criminal","tag-novela-negra"],"jetpack_featured_media_url":"","_links":{"self":[{"href":"http:\/\/www.lastierrasdelrincon.org\/bitacora\/wp-json\/wp\/v2\/posts\/168","targetHints":{"allow":["GET"]}}],"collection":[{"href":"http:\/\/www.lastierrasdelrincon.org\/bitacora\/wp-json\/wp\/v2\/posts"}],"about":[{"href":"http:\/\/www.lastierrasdelrincon.org\/bitacora\/wp-json\/wp\/v2\/types\/post"}],"author":[{"embeddable":true,"href":"http:\/\/www.lastierrasdelrincon.org\/bitacora\/wp-json\/wp\/v2\/users\/2"}],"replies":[{"embeddable":true,"href":"http:\/\/www.lastierrasdelrincon.org\/bitacora\/wp-json\/wp\/v2\/comments?post=168"}],"version-history":[{"count":2,"href":"http:\/\/www.lastierrasdelrincon.org\/bitacora\/wp-json\/wp\/v2\/posts\/168\/revisions"}],"predecessor-version":[{"id":941,"href":"http:\/\/www.lastierrasdelrincon.org\/bitacora\/wp-json\/wp\/v2\/posts\/168\/revisions\/941"}],"wp:attachment":[{"href":"http:\/\/www.lastierrasdelrincon.org\/bitacora\/wp-json\/wp\/v2\/media?parent=168"}],"wp:term":[{"taxonomy":"category","embeddable":true,"href":"http:\/\/www.lastierrasdelrincon.org\/bitacora\/wp-json\/wp\/v2\/categories?post=168"},{"taxonomy":"post_tag","embeddable":true,"href":"http:\/\/www.lastierrasdelrincon.org\/bitacora\/wp-json\/wp\/v2\/tags?post=168"}],"curies":[{"name":"wp","href":"https:\/\/api.w.org\/{rel}","templated":true}]}}