{"id":133,"date":"2013-03-15T05:56:20","date_gmt":"2013-03-15T12:56:20","guid":{"rendered":"http:\/\/lastierrasdelrincon.org\/bitacora\/?p=133"},"modified":"2022-01-18T05:59:44","modified_gmt":"2022-01-18T05:59:44","slug":"escritores-de-novela-negra-y-como-trabajan-victor-del-arbol","status":"publish","type":"post","link":"http:\/\/www.lastierrasdelrincon.org\/bitacora\/2013\/03\/escritores-de-novela-negra-y-como-trabajan-victor-del-arbol\/","title":{"rendered":"Escritores de novela negra y como trabajan &#8211; V\u00edctor del \u00c1rbol"},"content":{"rendered":"\n<p>&nbsp;<br>\u00bfTe has preguntado cuales son los h\u00e1bitos de trabajo de tus escritores favoritos? \u00bfQue m\u00fasica escuchan cuando escriben, d\u00f3nde los hacen, cuantas horas pasan derramando palabras sobre el papel o la pantalla?<br>Esta serie de entrevistas dar\u00e1n respuesta a algunas simples preguntas que hice a algunos de los escritores de novela negra m\u00e1s importantes de este tiempo.<br>En este primera entrega V\u00edctor del \u00c1rbol nos da a conocer algunos de sus h\u00e1bitos como escritor. Que lo disfrutes.<\/p>\n\n\n\n<figure class=\"wp-block-image alignnone\"><a href=\"http:\/\/lastierrasdelrincon.org\/bitacora\/wp-content\/uploads\/2013\/03\/victor-arbol.jpg\"><img decoding=\"async\" src=\"http:\/\/lastierrasdelrincon.org\/bitacora\/wp-content\/uploads\/2013\/03\/victor-arbol-300x216.jpg\" alt=\"V\u00edctor del \u00c1rbol\" class=\"wp-image-136\"\/><\/a><figcaption>V\u00edctor del \u00c1rbol &#8211; Novelista<\/figcaption><\/figure>\n\n\n\n<ul class=\"wp-block-list\"><li><strong>\u00bfPodr\u00edas presentarte y decirnos que escribes?<\/strong><\/li><\/ul>\n\n\n\n<p>Me llamo V\u00edctor del Arbol, aunque el nombre no dice mucho de uno. Soy escritor, nac\u00ed en Barcelona, tengo 44 a\u00f1os y he escrito cuatro novelas, art\u00edculos, poemas\u2026Soy un buscador de historias.<\/p>\n\n\n\n<ul class=\"wp-block-list\"><li><strong>\u00bfCu\u00e1ntas horas al d\u00eda escribes?<\/strong><\/li><\/ul>\n\n\n\n<p>Todas las que puedo, en los viajes, en el avi\u00f3n, en el tren, en casa. Lo normal si no estoy de viaje es de siete a diez horas diarias.<\/p>\n\n\n\n<ul class=\"wp-block-list\"><li><strong>\u00bfA qu\u00e9 hora del d\u00eda prefieres hacerlo?<\/strong><\/li><\/ul>\n\n\n\n<p>Principalmente por la ma\u00f1ana, temprano, en mi terraza con un caf\u00e9 y un pitillo. Eso es gloria<\/p>\n\n\n\n<ul class=\"wp-block-list\"><li><strong>\u00bfTe fijas un l\u00edmite en palabras, o en tiempo? \u00bfo no hay l\u00edmite?<\/strong><\/li><\/ul>\n\n\n\n<p>No. Escribo hasta que literalmente me quedo vac\u00edo. Luego releo lo escrito, y normalmente desecho m\u00e1s de la mitad.<\/p>\n\n\n\n<ul class=\"wp-block-list\"><li><strong>\u00bfCu\u00e1ndo escribes escuchas m\u00fasica? de ser as\u00ed, \u00bfqu\u00e9 tipo de m\u00fasica?<\/strong><\/li><\/ul>\n\n\n\n<p>S\u00ed. Me encanta el jazz, pero no tengo problemas en ponerme a escuchar boleros con Bebo y Cigala. A veces, dependiendo de los p\u00e1rrafos que quiero escribir busco m\u00fasica new o rock, sin problemas. Me gusta mucho Vanessa Mae, Dire Straits, Muse\u2026<\/p>\n\n\n\n<ul class=\"wp-block-list\"><li><strong>\u00bfQu\u00e9 tan seguido consultas Internet? \u00bftienes per\u00edodos en los que te abandones totalmente al vac\u00edo de la Internet? \u00bfO te desconectas completamente de tu conexi\u00f3n a la red?<\/strong><\/li><\/ul>\n\n\n\n<p>Por mi trabajo tengo que estar bastante conectado. Es lo que me permite relacionarme con lectores de todas partes y que, en algunos casos llegan a convertirse en muy buenos amigos. Pero paso temporadas olvidado de las redes.<\/p>\n\n\n\n<!--more-->\n\n\n\n<ul class=\"wp-block-list\"><li><strong>&nbsp;\u00bfEres T\u00e9cnico o Rudo? Se dice que los escritores pueden ser dos tipos: Rudos o T\u00e9cnico. Los Rudos escriben una historia r\u00e1pidamente, en completo desorden, caprichosamente, as\u00ed como sale. Despu\u00e9s, regresan a ella de nuevo, cuidadosamente, corrigiendo todo lo que es horrible o lo que simplemente no funciona. Los T\u00e9cnicos escriben una frase a la vez, fij\u00e1ndose que todo sea exacto y correcto antes de dejarla para iniciar con la siguiente. Cuando terminan, terminan. \u00bfEres alguno de ellos, o algo completamente diferente?<\/strong><\/li><\/ul>\n\n\n\n<p>Jaja, es buena la comparaci\u00f3n. Dir\u00eda que un t\u00e9rmino medio, una mezcla rudo-t\u00e9cnico. Soy un escritor muy emocional, muy visceral, pero trabajo mucho mis novelas, no las dejo al azar. Creo que ambas cosas, la espontaneidad y la t\u00e9cnica son necesarias; mezcladas en su justa medida dan un buen c\u00f3ctel.<\/p>\n\n\n\n<ul class=\"wp-block-list\"><li><strong>\u00bfComes mientras escribes?<\/strong><\/li><\/ul>\n\n\n\n<p>No. Fumo y bebo caf\u00e9.<\/p>\n\n\n\n<ul class=\"wp-block-list\"><li><strong>\u00bfQu\u00e9 tipo de bocadillos o bebidas prefieres?<\/strong><\/li><\/ul>\n\n\n\n<p>Bocadillos, todos me valen, pero que el pan est\u00e9 del d\u00eda y que tengan un chorro de aceite de oliva si puede pedirse. No bebo, a veces un buen vino que acompa\u00f1e en la mesa, pero en general no soy muy exigente.<\/p>\n\n\n\n<ul class=\"wp-block-list\"><li><strong>\u00bfComo se acomodan a tu horario de trabajo las personas (pareja \/hijos\/compa\u00f1ero de cuarto) que viven a tu alrededor?<\/strong><\/li><\/ul>\n\n\n\n<p>Lo aceptan con resignaci\u00f3n. Saben que aunque mi cuerpo est\u00e9 all\u00ed yo no, as\u00ed que es in\u00fatil que me llamen. No aparecer\u00e9 hasta que termine lo que estoy escribiendo. Los viajes, la promoci\u00f3n y todas las horas dedicadas a los dem\u00e1s forman parte de algo que quien convive con una persona que escribe aprende a aceptar.<\/p>\n\n\n\n<ul class=\"wp-block-list\"><li><strong>\u00bfEst\u00e1s muy atado emocionalmente al lugar en que te has acostumbrado a escribir? \u00bfo puedes cambiar sin ning\u00fan problema de espacio?<\/strong><\/li><\/ul>\n\n\n\n<p>Me gusta mi peque\u00f1a terraza (el primer borrador siempre lo escribo a mano), tengo al lado un limonero joven y algunas parras. Veo las monta\u00f1as y cuando sale el sol de primera hora es un espect\u00e1culo. Prefiero ese rinc\u00f3n, pero puedo escribir en cualquier parte y en cualquier formato.<\/p>\n\n\n\n<ul class=\"wp-block-list\"><li><strong>\u00bfQu\u00e9 tipo de hardware usas?<\/strong><\/li><\/ul>\n\n\n\n<p>Convencional<\/p>\n\n\n\n<ul class=\"wp-block-list\"><li><strong>Qu\u00e9 tipo de software usas?<\/strong><\/li><\/ul>\n\n\n\n<p>El que me proporciona el se\u00f1or Gates<\/p>\n\n\n\n<ul class=\"wp-block-list\"><li><strong>\u00bfQu\u00e9 cambiar\u00edas de la forma en que escribes ahora?<\/strong><\/li><\/ul>\n\n\n\n<p>Nada, solo dejar que mi voz siga evolucionando, que no se corrompa ni se acomode. Y que un d\u00eda pueda llegar a cuantos m\u00e1s lectores mejor.<br><\/p>\n\n\n\n<blockquote class=\"wp-block-quote is-layout-flow wp-block-quote-is-layout-flow\"><p>NOTA:<br>Seg\u00fan <strong>Kurt Vonnegut<\/strong> estos dos tipos son <b>Swooper y Basher <\/b>(Rudo y T\u00e9cnico, seg\u00fan mi libre traducci\u00f3n). A falta en mi arsenal de un significado mejor para estos t\u00e9rminos, acudo al deporte de la Lucha Libre que en M\u00e9xico los entiende de la siguiente manera.<br><b>Los rudos<\/b> son aquellos luchadores que no dudan en utilizar cualquier tipo de artima\u00f1as o trampas para lograr sus objetivos. Son tambi\u00e9n conocidos como sucios.<br><b>Los t\u00e9cnicos<\/b>\u00a0 no utilizan trampas ni maniobras ilegales en sus combates, obtienen la victoria en sus combates de manera limpia. Son tambi\u00e9n conocidos como honestos.<\/p><\/blockquote>\n\n\n\n<p><em>V\u00cdCTOR DEL \u00c1RBOL<br>\u201cAdmiro a la gente que lucha por sus sue\u00f1os\u201d.<br>V\u00edctor del \u00c1rbol, nacido en Barcelona en 1968, fue funcionario de la Generalitat desde 1992 hasta 2012. Curs\u00f3 estudios en Historia en la Universitat de Barcelona, colabor\u00f3 dos a\u00f1os como locutor y colaborador en el programa radiof\u00f3nico de realidad social \u00abCatalunya sense barreres\u00bb (Radio Estel, ONCE).<br>Como escritor fue finalista del VIII Premio Fernando Lara en 2003 con\u00a0El abismo de los sue\u00f1os\u00a0(no publicada) y gan\u00f3 el Premio Tiflos de Novela en 2006 con\u00a0El peso de los muertos.<br>En 2011 public\u00f3\u00a0<a title=\"La tristeza del Samur\u00e1i\" rel=\"noopener\" href=\"http:\/\/www.amazon.com\/tristeza-samur%C3%A1i-Spanish-Edition-ebook\/dp\/B00851M3OC\/ref=sr_1_4?s=digital-text&amp;ie=UTF8&amp;qid=1363240307&amp;sr=1-4&amp;keywords=victor+del+arbol\" target=\"_blank\">La tristeza del samur\u00e1i<\/a>\u00a0(Editorial Alrev\u00e9s), que ha sido un \u00e9xito nacional e internacional. Traducida a una decena de idiomas y\u00a0best seller\u00a0en Francia, cuenta con el reconocimiento de la cr\u00edtica y de numerosos premios. Entre ellos,\u00a0Le Prix du polar Europ\u00e9en 2012\u00a0a la mejor novela negra europea que otorga la prestigiosa publicaci\u00f3n francesa\u00a0Le Point\u00a0en el festival de Novela Negra de Lyon, galard\u00f3n que obtuvieron, en anteriores ediciones, Philip Kerr y Arnaldur Indridason, entre otros.<br>Su m\u00e1s reciente novela es <a title=\"Respirar por la herida\" rel=\"noopener\" href=\"http:\/\/www.amazon.com\/Respirar-Herida-Spanish-Edition-ebook\/dp\/B00B8YZZMA\/ref=sr_1_3?s=digital-text&amp;ie=UTF8&amp;qid=1363239824&amp;sr=1-3&amp;keywords=victor+del+arbol\" target=\"_blank\">Respirar por la herida<\/a>.<\/em><\/p>\n\n\n\n<figure class=\"wp-block-gallery columns-3 is-cropped wp-block-gallery-1 is-layout-flex wp-block-gallery-is-layout-flex\"><ul class=\"blocks-gallery-grid\"><li class=\"blocks-gallery-item\"><figure><img data-id=\"138\" class=\"wp-image-138\"\/><\/figure><\/li><li class=\"blocks-gallery-item\"><figure><img data-id=\"139\" class=\"wp-image-139\"\/><\/figure><\/li><\/ul><\/figure>\n\n\n\n<p><br>&nbsp;<br><a href=\"http:\/\/creativecommons.org\/licenses\/by-nc-sa\/3.0\/deed.es_CO\" rel=\"license\"><img decoding=\"async\" style=\"border-width: 0;\" src=\"http:\/\/i.creativecommons.org\/l\/by-nc-sa\/3.0\/88x31.png\" alt=\"Licencia Creative Commons\"><\/a><br>Este obra de <a href=\"http:\/\/lastierrasdelrincon.org\/\" rel=\"cc:attributionURL\">http:\/\/lastierrasdelrincon.org\/<\/a> est\u00e1 bajo una <a href=\"http:\/\/creativecommons.org\/licenses\/by-nc-sa\/3.0\/deed.es_CO\" rel=\"license\">Licencia Creative Commons Atribuci\u00f3n-NoComercial-CompartirIgual 3.0 Unported<\/a>.<\/p>\n","protected":false},"excerpt":{"rendered":"<p>&nbsp;\u00bfTe has preguntado cuales son los h\u00e1bitos de trabajo de tus escritores favoritos? \u00bfQue m\u00fasica escuchan cuando escriben, d\u00f3nde los hacen, cuantas horas pasan derramando palabras sobre el papel o la pantalla?Esta serie de entrevistas dar\u00e1n respuesta a algunas simples preguntas que hice a algunos de los escritores de novela negra m\u00e1s importantes de este&hellip;<\/p>\n","protected":false},"author":2,"featured_media":0,"comment_status":"open","ping_status":"open","sticky":false,"template":"","format":"standard","meta":{"footnotes":""},"categories":[3,4],"tags":[25,34,36],"class_list":["post-133","post","type-post","status-publish","format-standard","hentry","category-entrevistas","category-escritores","tag-escritores-novela-negra","tag-negra-y-criminal","tag-novela-negra"],"jetpack_featured_media_url":"","_links":{"self":[{"href":"http:\/\/www.lastierrasdelrincon.org\/bitacora\/wp-json\/wp\/v2\/posts\/133","targetHints":{"allow":["GET"]}}],"collection":[{"href":"http:\/\/www.lastierrasdelrincon.org\/bitacora\/wp-json\/wp\/v2\/posts"}],"about":[{"href":"http:\/\/www.lastierrasdelrincon.org\/bitacora\/wp-json\/wp\/v2\/types\/post"}],"author":[{"embeddable":true,"href":"http:\/\/www.lastierrasdelrincon.org\/bitacora\/wp-json\/wp\/v2\/users\/2"}],"replies":[{"embeddable":true,"href":"http:\/\/www.lastierrasdelrincon.org\/bitacora\/wp-json\/wp\/v2\/comments?post=133"}],"version-history":[{"count":3,"href":"http:\/\/www.lastierrasdelrincon.org\/bitacora\/wp-json\/wp\/v2\/posts\/133\/revisions"}],"predecessor-version":[{"id":946,"href":"http:\/\/www.lastierrasdelrincon.org\/bitacora\/wp-json\/wp\/v2\/posts\/133\/revisions\/946"}],"wp:attachment":[{"href":"http:\/\/www.lastierrasdelrincon.org\/bitacora\/wp-json\/wp\/v2\/media?parent=133"}],"wp:term":[{"taxonomy":"category","embeddable":true,"href":"http:\/\/www.lastierrasdelrincon.org\/bitacora\/wp-json\/wp\/v2\/categories?post=133"},{"taxonomy":"post_tag","embeddable":true,"href":"http:\/\/www.lastierrasdelrincon.org\/bitacora\/wp-json\/wp\/v2\/tags?post=133"}],"curies":[{"name":"wp","href":"https:\/\/api.w.org\/{rel}","templated":true}]}}