{"id":109,"date":"2013-03-11T06:10:48","date_gmt":"2013-03-11T06:10:48","guid":{"rendered":"http:\/\/lastierrasdelrincon.org\/bitacora\/?p=109"},"modified":"2022-01-18T06:09:50","modified_gmt":"2022-01-18T06:09:50","slug":"las-ninas-perdidas","status":"publish","type":"post","link":"http:\/\/www.lastierrasdelrincon.org\/bitacora\/2013\/03\/las-ninas-perdidas\/","title":{"rendered":"Las ni\u00f1as perdidas"},"content":{"rendered":"\n<p class=\"has-text-align-center\"><a href=\"http:\/\/lastierrasdelrincon.org\/bitacora\/wp-content\/uploads\/2013\/03\/ninas-perdidsa.jpg\"><img loading=\"lazy\" decoding=\"async\" width=\"195\" height=\"300\" class=\"size-medium wp-image-110 alignnone\" src=\"http:\/\/lastierrasdelrincon.org\/bitacora\/wp-content\/uploads\/2013\/03\/ninas-perdidsa-195x300.jpg\" alt=\"Las ni\u00f1as perdidas - Cristina Fallar\u00e1s\"><\/a><br><\/p>\n\n\n\n<p class=\"has-text-align-center\">PREMIO DASHIELL HAMMETT DE NOVELA NEGRA EN 2012.<\/p>\n\n\n\n<p>Los personajes que habitan ese Barcelona que describe Fallar\u00e1s, salen mucho m\u00e1s all\u00e1 de su natal Espa\u00f1a. Son tan humanos que bien pudieran habitar en Medell\u00edn, en Chicago, en Cd. Ju\u00e1rez, en muchas partes. Cap\u00edtulos cortos, densos, que no necesitan muchas palabras pues escoge las apropiadas para describir ese mundo en donde ocurren tantas desgracias y tanta degradaci\u00f3n humana.<\/p>\n\n\n\n<p>El hermoso lenguaje de la autora es duro, cruel, sale de las entra\u00f1as y del dolor, cuestiona estructuras, se duele de las reglas aceptadas como &#8220;del buen vivir&#8221;. Hace que veas hasta donde puede llegar tu ser cuando lo gu\u00edan valores huecos.<\/p>\n\n\n\n<p>Tras muchos a\u00f1os en el periodismo, parece que la incursi\u00f3n de Cristina Fallar\u00e1s en la novela es algo que hac\u00eda falta. Escribir con tantas hormonas, porque cr\u00e9anme, Cristina las tiene, es de admirar.<br>Lee esta novela. La vas a apreciar.<\/p>\n\n\n\n<p>NOTA: Este texto anterior aparece en la secci\u00f3n de rese\u00f1as de &#8220;<a title=\"Rese\u00f1a - Ni\u00f1as perdidas\" href=\"http:\/\/www.amazon.com\/perdidas-Criminal-Spanish-Edition-ebook\/dp\/B009OSC89A\/ref=sr_1_2?ie=UTF8&amp;qid=1362980470&amp;sr=8-2&amp;keywords=cristina+fallaras\" target=\"_blank\" rel=\"noopener\">Las ni\u00f1as perdidas<\/a>&#8221; en Amazon. Lo publiqu\u00e9 el 14 de noviembre de 2012.<\/p>\n\n\n\n<figure class=\"wp-block-image alignnone\"><a href=\"http:\/\/lastierrasdelrincon.org\/bitacora\/wp-content\/uploads\/2013\/03\/3006_201212170aUdNi.jpg\"><img decoding=\"async\" src=\"http:\/\/lastierrasdelrincon.org\/bitacora\/wp-content\/uploads\/2013\/03\/3006_201212170aUdNi.jpg\" alt=\"Cristina Fallar\u00e1s, escritora.\" class=\"wp-image-117\"\/><\/a><figcaption>Cristina Fallar\u00e1s, escritora.<\/figcaption><\/figure>\n\n\n\n<p>Cristina Fallar\u00e1s es&nbsp;la primera mujer que gana el premio Dashiell Hammett a la mejor novela negra publicada en castellano.<\/p>\n\n\n\n<p><em>Cristina Fallar\u00e1s (Zaragoza, 1968) es periodista y escritora. Ha publicado\u00a0los libros\u00a0Rupturas\u00a0(2003),\u00a0No acaba la anoche\u00a0(2006),\u00a0As\u00ed muri\u00f3 el poeta Guadalupe\u00a0(2009),\u00a0Las ni\u00f1as perdidas\u00a0(Premio L\u2019H Confidencial de Novela Negra 2011, Premio del Director de\u00a0la Semana Negra\u00a0de Gij\u00f3n 2012 y Premio Dashiell Hammett de novela negra 2012), convirti\u00e9ndose con este \u00faltimo en la primera mujer en recibirlo en toda la historia del galard\u00f3n. Su \u00faltima novela,\u00a0\u00daltimos d\u00edas en el Puesto del Este,\u00a0obtuvo el Premio Ciudad de Barbastro de novela corta en 2011. \u00a0(<a title=\"Cristina Fallar\u00e1s\" rel=\"noopener\" href=\"http:\/\/www.eldiario.es\/autores\/cristina_fallaras\/\" target=\"_blank\">Cristina Fallar\u00e1s<\/a>)<\/em><\/p>\n\n\n\n<p><a href=\"http:\/\/creativecommons.org\/licenses\/by-nc-sa\/3.0\/deed.es_CO\" rel=\"license\"><img decoding=\"async\" style=\"border-width: 0;\" src=\"http:\/\/i.creativecommons.org\/l\/by-nc-sa\/3.0\/88x31.png\" alt=\"Licencia Creative Commons\"><\/a><br>Este obra de <a href=\"http:\/\/lastierrasdelrincon.org\/\" rel=\"cc:attributionURL\">http:\/\/lastierrasdelrincon.org\/<\/a> est\u00e1 bajo una <a href=\"http:\/\/creativecommons.org\/licenses\/by-nc-sa\/3.0\/deed.es_CO\" rel=\"license\">Licencia Creative Commons Atribuci\u00f3n-NoComercial-CompartirIgual 3.0 Unported<\/a>.<\/p>\n","protected":false},"excerpt":{"rendered":"<p>PREMIO DASHIELL HAMMETT DE NOVELA NEGRA EN 2012. Los personajes que habitan ese Barcelona que describe Fallar\u00e1s, salen mucho m\u00e1s all\u00e1 de su natal Espa\u00f1a. Son tan humanos que bien pudieran habitar en Medell\u00edn, en Chicago, en Cd. Ju\u00e1rez, en muchas partes. Cap\u00edtulos cortos, densos, que no necesitan muchas palabras pues escoge las apropiadas para&hellip;<\/p>\n","protected":false},"author":2,"featured_media":0,"comment_status":"open","ping_status":"open","sticky":false,"template":"","format":"standard","meta":{"footnotes":""},"categories":[4,7,10,11],"tags":[36],"class_list":["post-109","post","type-post","status-publish","format-standard","hentry","category-escritores","category-ebooks","category-libros","category-resenas","tag-novela-negra"],"jetpack_featured_media_url":"","_links":{"self":[{"href":"http:\/\/www.lastierrasdelrincon.org\/bitacora\/wp-json\/wp\/v2\/posts\/109","targetHints":{"allow":["GET"]}}],"collection":[{"href":"http:\/\/www.lastierrasdelrincon.org\/bitacora\/wp-json\/wp\/v2\/posts"}],"about":[{"href":"http:\/\/www.lastierrasdelrincon.org\/bitacora\/wp-json\/wp\/v2\/types\/post"}],"author":[{"embeddable":true,"href":"http:\/\/www.lastierrasdelrincon.org\/bitacora\/wp-json\/wp\/v2\/users\/2"}],"replies":[{"embeddable":true,"href":"http:\/\/www.lastierrasdelrincon.org\/bitacora\/wp-json\/wp\/v2\/comments?post=109"}],"version-history":[{"count":4,"href":"http:\/\/www.lastierrasdelrincon.org\/bitacora\/wp-json\/wp\/v2\/posts\/109\/revisions"}],"predecessor-version":[{"id":954,"href":"http:\/\/www.lastierrasdelrincon.org\/bitacora\/wp-json\/wp\/v2\/posts\/109\/revisions\/954"}],"wp:attachment":[{"href":"http:\/\/www.lastierrasdelrincon.org\/bitacora\/wp-json\/wp\/v2\/media?parent=109"}],"wp:term":[{"taxonomy":"category","embeddable":true,"href":"http:\/\/www.lastierrasdelrincon.org\/bitacora\/wp-json\/wp\/v2\/categories?post=109"},{"taxonomy":"post_tag","embeddable":true,"href":"http:\/\/www.lastierrasdelrincon.org\/bitacora\/wp-json\/wp\/v2\/tags?post=109"}],"curies":[{"name":"wp","href":"https:\/\/api.w.org\/{rel}","templated":true}]}}